{"id":828,"date":"2026-02-25T21:17:38","date_gmt":"2026-02-25T18:17:38","guid":{"rendered":"https:\/\/www.ahitv.com.tr\/?p=828"},"modified":"2026-02-25T21:17:38","modified_gmt":"2026-02-25T18:17:38","slug":"kaman-ilce-emniyet-mudurlugu-hizmet-binasi-insaasi-devam-ediyor","status":"publish","type":"post","link":"https:\/\/www.ahitv.com.tr\/index.php\/2026\/02\/25\/kaman-ilce-emniyet-mudurlugu-hizmet-binasi-insaasi-devam-ediyor\/","title":{"rendered":"Kaman \u0130l\u00e7e Emniyet M\u00fcd\u00fcrl\u00fc\u011f\u00fc hizmet binas\u0131 in\u015faas\u0131 devam ediyor"},"content":{"rendered":"<p>Kaman \u0130l\u00e7e Emniyet M\u00fcd\u00fcrl\u00fc\u011f\u00fc hizmet binas\u0131 in\u015faas\u0131 devam ediyor.<\/p>\n<div dir=\"auto\">K\u0131r\u015fehir \u0130l Emniyet M\u00fcd\u00fcr\u00fc Dr. Mesut G\u00d6R\u00dcC\u00dc, yap\u0131m\u0131 devam eden Kaman \u0130l\u00e7e Emniyet M\u00fcd\u00fcrl\u00fc\u011f\u00fc hizmet binas\u0131nda incelemelerde bulundu.<\/div>\n<div dir=\"auto\">Ziyaret kapsam\u0131nda \u0130l\u00e7e Emniyet M\u00fcd\u00fcr\u00fc Erkin K\u00dcRK ve y\u00fcklenici firma m\u00fcteahhidi S\u00fcrg\u00fcn KAYRA ile birlikte in\u015faat s\u00fcrecini yerinde de\u011ferlendiren \u0130l Emniyet M\u00fcd\u00fcr\u00fc, y\u00fcr\u00fct\u00fclen \u00e7al\u0131\u015fmalar\u0131n son durumu hakk\u0131nda bilgi ald\u0131.<\/div>\n<div dir=\"auto\"><img loading=\"lazy\" decoding=\"async\" class=\"alignnone size-full wp-image-829\" src=\"https:\/\/www.ahitv.com.tr\/wp-content\/uploads\/2026\/02\/641108572_1709049286941005_3357186897399443760_n.jpg\" alt=\"\" width=\"2048\" height=\"1366\" srcset=\"https:\/\/www.ahitv.com.tr\/wp-content\/uploads\/2026\/02\/641108572_1709049286941005_3357186897399443760_n.jpg 2048w, https:\/\/www.ahitv.com.tr\/wp-content\/uploads\/2026\/02\/641108572_1709049286941005_3357186897399443760_n-540x360.jpg 540w, https:\/\/www.ahitv.com.tr\/wp-content\/uploads\/2026\/02\/641108572_1709049286941005_3357186897399443760_n-272x182.jpg 272w\" sizes=\"auto, (max-width: 2048px) 100vw, 2048px\" \/> <img loading=\"lazy\" decoding=\"async\" class=\"alignnone size-medium wp-image-830\" src=\"https:\/\/www.ahitv.com.tr\/wp-content\/uploads\/2026\/02\/641259599_1709049270274340_7174888233923994780_n.jpg\" alt=\"\" width=\"300\" height=\"200\" srcset=\"https:\/\/www.ahitv.com.tr\/wp-content\/uploads\/2026\/02\/641259599_1709049270274340_7174888233923994780_n.jpg 2048w, https:\/\/www.ahitv.com.tr\/wp-content\/uploads\/2026\/02\/641259599_1709049270274340_7174888233923994780_n-540x360.jpg 540w, https:\/\/www.ahitv.com.tr\/wp-content\/uploads\/2026\/02\/641259599_1709049270274340_7174888233923994780_n-272x182.jpg 272w\" sizes=\"auto, (max-width: 300px) 100vw, 300px\" \/> <img loading=\"lazy\" decoding=\"async\" class=\"alignnone size-medium wp-image-831\" src=\"https:\/\/www.ahitv.com.tr\/wp-content\/uploads\/2026\/02\/641270457_1709049276941006_8275619641444487908_n.jpg\" alt=\"\" width=\"300\" height=\"200\" srcset=\"https:\/\/www.ahitv.com.tr\/wp-content\/uploads\/2026\/02\/641270457_1709049276941006_8275619641444487908_n.jpg 2048w, https:\/\/www.ahitv.com.tr\/wp-content\/uploads\/2026\/02\/641270457_1709049276941006_8275619641444487908_n-540x360.jpg 540w, https:\/\/www.ahitv.com.tr\/wp-content\/uploads\/2026\/02\/641270457_1709049276941006_8275619641444487908_n-272x182.jpg 272w\" sizes=\"auto, (max-width: 300px) 100vw, 300px\" \/><\/div>\n","protected":false},"excerpt":{"rendered":"<p>Kaman \u0130l\u00e7e Emniyet M\u00fcd\u00fcrl\u00fc\u011f\u00fc hizmet binas\u0131 in\u015faas\u0131 devam ediyor. K\u0131r\u015fehir \u0130l Emniyet M\u00fcd\u00fcr\u00fc Dr. Mesut G\u00d6R\u00dcC\u00dc, yap\u0131m\u0131 devam eden Kaman \u0130l\u00e7e Emniyet M\u00fcd\u00fcrl\u00fc\u011f\u00fc hizmet binas\u0131nda incelemelerde bulundu. Ziyaret kapsam\u0131nda \u0130l\u00e7e Emniyet M\u00fcd\u00fcr\u00fc Erkin K\u00dcRK ve y\u00fcklenici firma m\u00fcteahhidi S\u00fcrg\u00fcn KAYRA ile birlikte in\u015faat s\u00fcrecini yerinde de\u011ferlendiren \u0130l Emniyet M\u00fcd\u00fcr\u00fc, y\u00fcr\u00fct\u00fclen \u00e7al\u0131\u015fmalar\u0131n son durumu hakk\u0131nda bilgi [&hellip;]<\/p>\n","protected":false},"author":1,"featured_media":831,"comment_status":"open","ping_status":"open","sticky":false,"template":"","format":"standard","meta":{"footnotes":""},"categories":[3,1,6,2],"tags":[],"class_list":["post-828","post","type-post","status-publish","format-standard","has-post-thumbnail","hentry","category-gundem","category-genel","category-ilceler","category-siyaset"],"views":280,"_links":{"self":[{"href":"https:\/\/www.ahitv.com.tr\/index.php\/wp-json\/wp\/v2\/posts\/828","targetHints":{"allow":["GET"]}}],"collection":[{"href":"https:\/\/www.ahitv.com.tr\/index.php\/wp-json\/wp\/v2\/posts"}],"about":[{"href":"https:\/\/www.ahitv.com.tr\/index.php\/wp-json\/wp\/v2\/types\/post"}],"author":[{"embeddable":true,"href":"https:\/\/www.ahitv.com.tr\/index.php\/wp-json\/wp\/v2\/users\/1"}],"replies":[{"embeddable":true,"href":"https:\/\/www.ahitv.com.tr\/index.php\/wp-json\/wp\/v2\/comments?post=828"}],"version-history":[{"count":2,"href":"https:\/\/www.ahitv.com.tr\/index.php\/wp-json\/wp\/v2\/posts\/828\/revisions"}],"predecessor-version":[{"id":833,"href":"https:\/\/www.ahitv.com.tr\/index.php\/wp-json\/wp\/v2\/posts\/828\/revisions\/833"}],"wp:featuredmedia":[{"embeddable":true,"href":"https:\/\/www.ahitv.com.tr\/index.php\/wp-json\/wp\/v2\/media\/831"}],"wp:attachment":[{"href":"https:\/\/www.ahitv.com.tr\/index.php\/wp-json\/wp\/v2\/media?parent=828"}],"wp:term":[{"taxonomy":"category","embeddable":true,"href":"https:\/\/www.ahitv.com.tr\/index.php\/wp-json\/wp\/v2\/categories?post=828"},{"taxonomy":"post_tag","embeddable":true,"href":"https:\/\/www.ahitv.com.tr\/index.php\/wp-json\/wp\/v2\/tags?post=828"}],"curies":[{"name":"wp","href":"https:\/\/api.w.org\/{rel}","templated":true}]}}