{"id":809,"date":"2026-02-25T21:04:34","date_gmt":"2026-02-25T18:04:34","guid":{"rendered":"https:\/\/www.ahitv.com.tr\/?p=809"},"modified":"2026-02-25T21:04:34","modified_gmt":"2026-02-25T18:04:34","slug":"sebahat-osman-yalcinkaya-ilk-ve-ortaokulumuza-kutuphane","status":"publish","type":"post","link":"https:\/\/www.ahitv.com.tr\/index.php\/2026\/02\/25\/sebahat-osman-yalcinkaya-ilk-ve-ortaokulumuza-kutuphane\/","title":{"rendered":"Sebahat Osman Yal\u00e7\u0131nkaya \u0130lk ve Ortaokulumuza K\u00fct\u00fcphane"},"content":{"rendered":"<p>Sebahat Osman Yal\u00e7\u0131nkaya \u0130lk ve Ortaokulumuza K\u00fct\u00fcphane<\/p>\n<div dir=\"auto\">ebahat Osman Yal\u00e7\u0131nkaya \u0130lk ve Ortaokulumuza, hay\u0131rseverimiz Ayg\u00fcl \u00c7i\u00e7ekli taraf\u0131ndan yapt\u0131r\u0131lan okul k\u00fct\u00fcphanesi, d\u00fczenlenen t\u00f6renle hizmete a\u00e7\u0131ld\u0131.<\/div>\n<div dir=\"auto\">\u00d6\u011frencilerimizin kitaplarla bulu\u015faca\u011f\u0131 okul k\u00fct\u00fcphanesinin a\u00e7\u0131l\u0131\u015f program\u0131na Vali Yard\u0131mc\u0131m\u0131z Say\u0131n Alper Balc\u0131 ile \u0130l Mill\u00ee E\u011fitim M\u00fcd\u00fcr\u00fcm\u00fcz Yasin G\u00fcl\u015fen kat\u0131ld\u0131.<\/div>\n<div dir=\"auto\">E\u011fitime sundu\u011fu k\u0131ymetli katk\u0131 dolay\u0131s\u0131yla hay\u0131rseverimiz Ayg\u00fcl \u00c7i\u00e7ekli\u2019ye te\u015fekk\u00fcr ediyor; k\u00fct\u00fcphanemizin \u00f6\u011frencilerimize ilham veren, ba\u015far\u0131lar\u0131na katk\u0131 sa\u011flayan bir ortam olmas\u0131n\u0131 diliyoruz.<\/div>\n<div dir=\"auto\"><img loading=\"lazy\" decoding=\"async\" class=\"alignnone size-full wp-image-810\" src=\"https:\/\/www.ahitv.com.tr\/wp-content\/uploads\/2026\/02\/641282720_1709379240241343_7137956552318831891_n.jpg\" alt=\"\" width=\"1440\" height=\"1079\" srcset=\"https:\/\/www.ahitv.com.tr\/wp-content\/uploads\/2026\/02\/641282720_1709379240241343_7137956552318831891_n.jpg 1440w, https:\/\/www.ahitv.com.tr\/wp-content\/uploads\/2026\/02\/641282720_1709379240241343_7137956552318831891_n-540x405.jpg 540w\" sizes=\"auto, (max-width: 1440px) 100vw, 1440px\" \/> <img loading=\"lazy\" decoding=\"async\" class=\"alignnone size-medium wp-image-811\" src=\"https:\/\/www.ahitv.com.tr\/wp-content\/uploads\/2026\/02\/641292434_1709379373574663_4561603669283159972_n.jpg\" alt=\"\" width=\"300\" height=\"225\" srcset=\"https:\/\/www.ahitv.com.tr\/wp-content\/uploads\/2026\/02\/641292434_1709379373574663_4561603669283159972_n.jpg 1440w, https:\/\/www.ahitv.com.tr\/wp-content\/uploads\/2026\/02\/641292434_1709379373574663_4561603669283159972_n-540x405.jpg 540w\" sizes=\"auto, (max-width: 300px) 100vw, 300px\" \/> <img loading=\"lazy\" decoding=\"async\" class=\"alignnone size-medium wp-image-812\" src=\"https:\/\/www.ahitv.com.tr\/wp-content\/uploads\/2026\/02\/641333374_1709379293574671_6763593459235406065_n.jpg\" alt=\"\" width=\"300\" height=\"225\" srcset=\"https:\/\/www.ahitv.com.tr\/wp-content\/uploads\/2026\/02\/641333374_1709379293574671_6763593459235406065_n.jpg 1440w, https:\/\/www.ahitv.com.tr\/wp-content\/uploads\/2026\/02\/641333374_1709379293574671_6763593459235406065_n-540x405.jpg 540w\" sizes=\"auto, (max-width: 300px) 100vw, 300px\" \/> <img loading=\"lazy\" decoding=\"async\" class=\"alignnone size-medium wp-image-813\" src=\"https:\/\/www.ahitv.com.tr\/wp-content\/uploads\/2026\/02\/642805378_1709379256908008_9210075339800589142_n.jpg\" alt=\"\" width=\"300\" height=\"225\" srcset=\"https:\/\/www.ahitv.com.tr\/wp-content\/uploads\/2026\/02\/642805378_1709379256908008_9210075339800589142_n.jpg 1440w, https:\/\/www.ahitv.com.tr\/wp-content\/uploads\/2026\/02\/642805378_1709379256908008_9210075339800589142_n-540x405.jpg 540w\" sizes=\"auto, (max-width: 300px) 100vw, 300px\" \/><\/div>\n<div dir=\"auto\"><\/div>\n","protected":false},"excerpt":{"rendered":"<p>Sebahat Osman Yal\u00e7\u0131nkaya \u0130lk ve Ortaokulumuza K\u00fct\u00fcphane ebahat Osman Yal\u00e7\u0131nkaya \u0130lk ve Ortaokulumuza, hay\u0131rseverimiz Ayg\u00fcl \u00c7i\u00e7ekli taraf\u0131ndan yapt\u0131r\u0131lan okul k\u00fct\u00fcphanesi, d\u00fczenlenen t\u00f6renle hizmete a\u00e7\u0131ld\u0131. \u00d6\u011frencilerimizin kitaplarla bulu\u015faca\u011f\u0131 okul k\u00fct\u00fcphanesinin a\u00e7\u0131l\u0131\u015f program\u0131na Vali Yard\u0131mc\u0131m\u0131z Say\u0131n Alper Balc\u0131 ile \u0130l Mill\u00ee E\u011fitim M\u00fcd\u00fcr\u00fcm\u00fcz Yasin G\u00fcl\u015fen kat\u0131ld\u0131. E\u011fitime sundu\u011fu k\u0131ymetli katk\u0131 dolay\u0131s\u0131yla hay\u0131rseverimiz Ayg\u00fcl \u00c7i\u00e7ekli\u2019ye te\u015fekk\u00fcr ediyor; k\u00fct\u00fcphanemizin [&hellip;]<\/p>\n","protected":false},"author":1,"featured_media":813,"comment_status":"open","ping_status":"open","sticky":false,"template":"","format":"standard","meta":{"footnotes":""},"categories":[1,3,6,2],"tags":[],"class_list":["post-809","post","type-post","status-publish","format-standard","has-post-thumbnail","hentry","category-genel","category-gundem","category-ilceler","category-siyaset"],"views":160,"_links":{"self":[{"href":"https:\/\/www.ahitv.com.tr\/index.php\/wp-json\/wp\/v2\/posts\/809","targetHints":{"allow":["GET"]}}],"collection":[{"href":"https:\/\/www.ahitv.com.tr\/index.php\/wp-json\/wp\/v2\/posts"}],"about":[{"href":"https:\/\/www.ahitv.com.tr\/index.php\/wp-json\/wp\/v2\/types\/post"}],"author":[{"embeddable":true,"href":"https:\/\/www.ahitv.com.tr\/index.php\/wp-json\/wp\/v2\/users\/1"}],"replies":[{"embeddable":true,"href":"https:\/\/www.ahitv.com.tr\/index.php\/wp-json\/wp\/v2\/comments?post=809"}],"version-history":[{"count":2,"href":"https:\/\/www.ahitv.com.tr\/index.php\/wp-json\/wp\/v2\/posts\/809\/revisions"}],"predecessor-version":[{"id":815,"href":"https:\/\/www.ahitv.com.tr\/index.php\/wp-json\/wp\/v2\/posts\/809\/revisions\/815"}],"wp:featuredmedia":[{"embeddable":true,"href":"https:\/\/www.ahitv.com.tr\/index.php\/wp-json\/wp\/v2\/media\/813"}],"wp:attachment":[{"href":"https:\/\/www.ahitv.com.tr\/index.php\/wp-json\/wp\/v2\/media?parent=809"}],"wp:term":[{"taxonomy":"category","embeddable":true,"href":"https:\/\/www.ahitv.com.tr\/index.php\/wp-json\/wp\/v2\/categories?post=809"},{"taxonomy":"post_tag","embeddable":true,"href":"https:\/\/www.ahitv.com.tr\/index.php\/wp-json\/wp\/v2\/tags?post=809"}],"curies":[{"name":"wp","href":"https:\/\/api.w.org\/{rel}","templated":true}]}}