{"id":804,"date":"2026-02-25T20:57:52","date_gmt":"2026-02-25T17:57:52","guid":{"rendered":"https:\/\/www.ahitv.com.tr\/?p=804"},"modified":"2026-02-25T20:57:52","modified_gmt":"2026-02-25T17:57:52","slug":"il-muftusu-mustafa-tekinden-kademe-ziyaret","status":"publish","type":"post","link":"https:\/\/www.ahitv.com.tr\/index.php\/2026\/02\/25\/il-muftusu-mustafa-tekinden-kademe-ziyaret\/","title":{"rendered":"\u0130l M\u00fcft\u00fcs\u00fc Mustafa Tekin&#8217;den Kademe Ziyaret"},"content":{"rendered":"<p>\u0130l M\u00fcft\u00fcs\u00fc Mustafa Tekin&#8217;den Kademe Ziyaret<\/p>\n<p>K\u0131r\u015fehir \u0130l M\u00fcft\u00fcs\u00fc Mustafa Tekin K\u0131r\u015fehir kademin \u201cSofran\u0131n \u00d6tesinde Ramazan; Kad\u0131n\u0131n Eme\u011fi ve Aile Dengesi\u201d konulu sohbet program\u0131na kat\u0131ld\u0131.<img loading=\"lazy\" decoding=\"async\" class=\"alignnone size-full wp-image-805\" src=\"https:\/\/www.ahitv.com.tr\/wp-content\/uploads\/2026\/02\/642496102_1709461126899821_2067919048942325029_n.jpg\" alt=\"\" width=\"2016\" height=\"1512\" srcset=\"https:\/\/www.ahitv.com.tr\/wp-content\/uploads\/2026\/02\/642496102_1709461126899821_2067919048942325029_n.jpg 2016w, https:\/\/www.ahitv.com.tr\/wp-content\/uploads\/2026\/02\/642496102_1709461126899821_2067919048942325029_n-540x405.jpg 540w\" sizes=\"auto, (max-width: 2016px) 100vw, 2016px\" \/> <img loading=\"lazy\" decoding=\"async\" class=\"alignnone size-medium wp-image-806\" src=\"https:\/\/www.ahitv.com.tr\/wp-content\/uploads\/2026\/02\/642817920_1709461193566481_8806487881511635845_n.jpg\" alt=\"\" width=\"300\" height=\"225\" srcset=\"https:\/\/www.ahitv.com.tr\/wp-content\/uploads\/2026\/02\/642817920_1709461193566481_8806487881511635845_n.jpg 2016w, https:\/\/www.ahitv.com.tr\/wp-content\/uploads\/2026\/02\/642817920_1709461193566481_8806487881511635845_n-540x405.jpg 540w\" sizes=\"auto, (max-width: 300px) 100vw, 300px\" \/><\/p>\n<p>&nbsp;<\/p>\n","protected":false},"excerpt":{"rendered":"<p>\u0130l M\u00fcft\u00fcs\u00fc Mustafa Tekin&#8217;den Kademe Ziyaret K\u0131r\u015fehir \u0130l M\u00fcft\u00fcs\u00fc Mustafa Tekin K\u0131r\u015fehir kademin \u201cSofran\u0131n \u00d6tesinde Ramazan; Kad\u0131n\u0131n Eme\u011fi ve Aile Dengesi\u201d konulu sohbet program\u0131na kat\u0131ld\u0131. &nbsp;<\/p>\n","protected":false},"author":1,"featured_media":805,"comment_status":"open","ping_status":"open","sticky":false,"template":"","format":"standard","meta":{"footnotes":""},"categories":[1,3,6,2],"tags":[],"class_list":["post-804","post","type-post","status-publish","format-standard","has-post-thumbnail","hentry","category-genel","category-gundem","category-ilceler","category-siyaset"],"views":166,"_links":{"self":[{"href":"https:\/\/www.ahitv.com.tr\/index.php\/wp-json\/wp\/v2\/posts\/804","targetHints":{"allow":["GET"]}}],"collection":[{"href":"https:\/\/www.ahitv.com.tr\/index.php\/wp-json\/wp\/v2\/posts"}],"about":[{"href":"https:\/\/www.ahitv.com.tr\/index.php\/wp-json\/wp\/v2\/types\/post"}],"author":[{"embeddable":true,"href":"https:\/\/www.ahitv.com.tr\/index.php\/wp-json\/wp\/v2\/users\/1"}],"replies":[{"embeddable":true,"href":"https:\/\/www.ahitv.com.tr\/index.php\/wp-json\/wp\/v2\/comments?post=804"}],"version-history":[{"count":2,"href":"https:\/\/www.ahitv.com.tr\/index.php\/wp-json\/wp\/v2\/posts\/804\/revisions"}],"predecessor-version":[{"id":808,"href":"https:\/\/www.ahitv.com.tr\/index.php\/wp-json\/wp\/v2\/posts\/804\/revisions\/808"}],"wp:featuredmedia":[{"embeddable":true,"href":"https:\/\/www.ahitv.com.tr\/index.php\/wp-json\/wp\/v2\/media\/805"}],"wp:attachment":[{"href":"https:\/\/www.ahitv.com.tr\/index.php\/wp-json\/wp\/v2\/media?parent=804"}],"wp:term":[{"taxonomy":"category","embeddable":true,"href":"https:\/\/www.ahitv.com.tr\/index.php\/wp-json\/wp\/v2\/categories?post=804"},{"taxonomy":"post_tag","embeddable":true,"href":"https:\/\/www.ahitv.com.tr\/index.php\/wp-json\/wp\/v2\/tags?post=804"}],"curies":[{"name":"wp","href":"https:\/\/api.w.org\/{rel}","templated":true}]}}