{"id":797,"date":"2026-02-25T20:54:21","date_gmt":"2026-02-25T17:54:21","guid":{"rendered":"https:\/\/www.ahitv.com.tr\/?p=797"},"modified":"2026-02-25T20:54:21","modified_gmt":"2026-02-25T17:54:21","slug":"kamanli-sehidimiz-j-er-bayram-kosenin-annesi-son-yolculuguna-ugurlandi","status":"publish","type":"post","link":"https:\/\/www.ahitv.com.tr\/index.php\/2026\/02\/25\/kamanli-sehidimiz-j-er-bayram-kosenin-annesi-son-yolculuguna-ugurlandi\/","title":{"rendered":"Kamanl\u0131 \u015eehidimiz J. Er Bayram K\u00f6se&#8217;nin Annesi Son Yolculu\u011funa U\u011furland\u0131"},"content":{"rendered":"<p>Kamanl\u0131 \u015eehidimiz J. Er Bayram K\u00f6se&#8217;nin Annesi Son Yolculu\u011funa U\u011furland\u0131<\/p>\n<div dir=\"auto\">Vali Murat Sefa Demiry\u00fcrek Kamanl\u0131 \u015eehidimiz J. Er Bayram K\u00f6se&#8217;nin vefat eden annesi Z\u00fclbiye K\u00f6se&#8217;yi Savc\u0131l\u0131 Ebeyit K\u00f6y\u00fc Merkez Camii\u2019nde ikindi namaz\u0131na m\u00fcteakip k\u0131l\u0131nan cenaze namaz\u0131n\u0131n ard\u0131ndan k\u00f6y mezarl\u0131\u011f\u0131na defnettik.<\/div>\n<div dir=\"auto\">Merhumeye Allah&#8217;tan rahmet, yak\u0131nlar\u0131na ba\u015fsa\u011fl\u0131\u011f\u0131 ve sab\u0131rlar diliyorum.<\/div>\n<div dir=\"auto\"><img loading=\"lazy\" decoding=\"async\" class=\"alignnone size-full wp-image-798\" src=\"https:\/\/www.ahitv.com.tr\/wp-content\/uploads\/2026\/02\/641623272_1709469650232302_8543082245685167993_n.jpg\" alt=\"\" width=\"2048\" height=\"1365\" srcset=\"https:\/\/www.ahitv.com.tr\/wp-content\/uploads\/2026\/02\/641623272_1709469650232302_8543082245685167993_n.jpg 2048w, https:\/\/www.ahitv.com.tr\/wp-content\/uploads\/2026\/02\/641623272_1709469650232302_8543082245685167993_n-540x360.jpg 540w, https:\/\/www.ahitv.com.tr\/wp-content\/uploads\/2026\/02\/641623272_1709469650232302_8543082245685167993_n-272x182.jpg 272w\" sizes=\"auto, (max-width: 2048px) 100vw, 2048px\" \/> <img loading=\"lazy\" decoding=\"async\" class=\"alignnone size-medium wp-image-799\" src=\"https:\/\/www.ahitv.com.tr\/wp-content\/uploads\/2026\/02\/642478809_1709469783565622_6013123613986746149_n.jpg\" alt=\"\" width=\"300\" height=\"200\" srcset=\"https:\/\/www.ahitv.com.tr\/wp-content\/uploads\/2026\/02\/642478809_1709469783565622_6013123613986746149_n.jpg 2048w, https:\/\/www.ahitv.com.tr\/wp-content\/uploads\/2026\/02\/642478809_1709469783565622_6013123613986746149_n-540x360.jpg 540w, https:\/\/www.ahitv.com.tr\/wp-content\/uploads\/2026\/02\/642478809_1709469783565622_6013123613986746149_n-272x182.jpg 272w\" sizes=\"auto, (max-width: 300px) 100vw, 300px\" \/> <img loading=\"lazy\" decoding=\"async\" class=\"alignnone size-medium wp-image-800\" src=\"https:\/\/www.ahitv.com.tr\/wp-content\/uploads\/2026\/02\/643427309_1709469583565642_4343214634951345907_n.jpg\" alt=\"\" width=\"300\" height=\"200\" srcset=\"https:\/\/www.ahitv.com.tr\/wp-content\/uploads\/2026\/02\/643427309_1709469583565642_4343214634951345907_n.jpg 2048w, https:\/\/www.ahitv.com.tr\/wp-content\/uploads\/2026\/02\/643427309_1709469583565642_4343214634951345907_n-540x360.jpg 540w, https:\/\/www.ahitv.com.tr\/wp-content\/uploads\/2026\/02\/643427309_1709469583565642_4343214634951345907_n-272x182.jpg 272w\" sizes=\"auto, (max-width: 300px) 100vw, 300px\" \/> <img loading=\"lazy\" decoding=\"async\" class=\"alignnone size-medium wp-image-801\" src=\"https:\/\/www.ahitv.com.tr\/wp-content\/uploads\/2026\/02\/643435548_1709469730232294_1977077478845338042_n.jpg\" alt=\"\" width=\"300\" height=\"200\" srcset=\"https:\/\/www.ahitv.com.tr\/wp-content\/uploads\/2026\/02\/643435548_1709469730232294_1977077478845338042_n.jpg 2048w, https:\/\/www.ahitv.com.tr\/wp-content\/uploads\/2026\/02\/643435548_1709469730232294_1977077478845338042_n-540x360.jpg 540w, https:\/\/www.ahitv.com.tr\/wp-content\/uploads\/2026\/02\/643435548_1709469730232294_1977077478845338042_n-272x182.jpg 272w\" sizes=\"auto, (max-width: 300px) 100vw, 300px\" \/><\/div>\n","protected":false},"excerpt":{"rendered":"<p>Kamanl\u0131 \u015eehidimiz J. Er Bayram K\u00f6se&#8217;nin Annesi Son Yolculu\u011funa U\u011furland\u0131 Vali Murat Sefa Demiry\u00fcrek Kamanl\u0131 \u015eehidimiz J. Er Bayram K\u00f6se&#8217;nin vefat eden annesi Z\u00fclbiye K\u00f6se&#8217;yi Savc\u0131l\u0131 Ebeyit K\u00f6y\u00fc Merkez Camii\u2019nde ikindi namaz\u0131na m\u00fcteakip k\u0131l\u0131nan cenaze namaz\u0131n\u0131n ard\u0131ndan k\u00f6y mezarl\u0131\u011f\u0131na defnettik. Merhumeye Allah&#8217;tan rahmet, yak\u0131nlar\u0131na ba\u015fsa\u011fl\u0131\u011f\u0131 ve sab\u0131rlar diliyorum.<\/p>\n","protected":false},"author":1,"featured_media":800,"comment_status":"open","ping_status":"open","sticky":false,"template":"","format":"standard","meta":{"footnotes":""},"categories":[1,3,6,2],"tags":[],"class_list":["post-797","post","type-post","status-publish","format-standard","has-post-thumbnail","hentry","category-genel","category-gundem","category-ilceler","category-siyaset"],"views":151,"_links":{"self":[{"href":"https:\/\/www.ahitv.com.tr\/index.php\/wp-json\/wp\/v2\/posts\/797","targetHints":{"allow":["GET"]}}],"collection":[{"href":"https:\/\/www.ahitv.com.tr\/index.php\/wp-json\/wp\/v2\/posts"}],"about":[{"href":"https:\/\/www.ahitv.com.tr\/index.php\/wp-json\/wp\/v2\/types\/post"}],"author":[{"embeddable":true,"href":"https:\/\/www.ahitv.com.tr\/index.php\/wp-json\/wp\/v2\/users\/1"}],"replies":[{"embeddable":true,"href":"https:\/\/www.ahitv.com.tr\/index.php\/wp-json\/wp\/v2\/comments?post=797"}],"version-history":[{"count":2,"href":"https:\/\/www.ahitv.com.tr\/index.php\/wp-json\/wp\/v2\/posts\/797\/revisions"}],"predecessor-version":[{"id":803,"href":"https:\/\/www.ahitv.com.tr\/index.php\/wp-json\/wp\/v2\/posts\/797\/revisions\/803"}],"wp:featuredmedia":[{"embeddable":true,"href":"https:\/\/www.ahitv.com.tr\/index.php\/wp-json\/wp\/v2\/media\/800"}],"wp:attachment":[{"href":"https:\/\/www.ahitv.com.tr\/index.php\/wp-json\/wp\/v2\/media?parent=797"}],"wp:term":[{"taxonomy":"category","embeddable":true,"href":"https:\/\/www.ahitv.com.tr\/index.php\/wp-json\/wp\/v2\/categories?post=797"},{"taxonomy":"post_tag","embeddable":true,"href":"https:\/\/www.ahitv.com.tr\/index.php\/wp-json\/wp\/v2\/tags?post=797"}],"curies":[{"name":"wp","href":"https:\/\/api.w.org\/{rel}","templated":true}]}}