{"id":390,"date":"2025-10-27T13:08:47","date_gmt":"2025-10-27T10:08:47","guid":{"rendered":"https:\/\/www.ahitv.com.tr\/?p=390"},"modified":"2025-10-27T13:08:47","modified_gmt":"2025-10-27T10:08:47","slug":"turk-dunyasi-10-belgesel-film-festivali-odulleri-sahiplerini-buldu","status":"publish","type":"post","link":"https:\/\/www.ahitv.com.tr\/index.php\/2025\/10\/27\/turk-dunyasi-10-belgesel-film-festivali-odulleri-sahiplerini-buldu\/","title":{"rendered":"T\u00dcRK D\u00dcNYASI 10. BELGESEL F\u0130LM FEST\u0130VAL\u0130 \u00d6D\u00dcLLER\u0130 SAH\u0130PLER\u0130N\u0130 BULDU"},"content":{"rendered":"<p>T\u00dcRK D\u00dcNYASI 10. BELGESEL F\u0130LM FEST\u0130VAL\u0130 \u00d6D\u00dcLLER\u0130 SAH\u0130PLER\u0130N\u0130 BULDU<\/p>\n<p><iframe loading=\"lazy\" title=\"T\u00dcRK D\u00dcNYASI 10  BELGESEL F\u0130LM FEST\u0130VAL\u0130 \u00d6D\u00dcLLER\u0130 SAH\u0130PLER\u0130N\u0130 BULDU\" width=\"500\" height=\"281\" src=\"https:\/\/www.youtube.com\/embed\/lNyoZCXA9_c?feature=oembed\" frameborder=\"0\" allow=\"accelerometer; autoplay; clipboard-write; encrypted-media; gyroscope; picture-in-picture; web-share\" referrerpolicy=\"strict-origin-when-cross-origin\" allowfullscreen><\/iframe><\/p>\n","protected":false},"excerpt":{"rendered":"<p>T\u00dcRK D\u00dcNYASI 10. BELGESEL F\u0130LM FEST\u0130VAL\u0130 \u00d6D\u00dcLLER\u0130 SAH\u0130PLER\u0130N\u0130 BULDU<\/p>\n","protected":false},"author":1,"featured_media":391,"comment_status":"open","ping_status":"open","sticky":false,"template":"","format":"standard","meta":{"footnotes":""},"categories":[1,3,6,2,9],"tags":[],"class_list":["post-390","post","type-post","status-publish","format-standard","has-post-thumbnail","hentry","category-genel","category-gundem","category-ilceler","category-siyaset","category-videolu-haberler"],"views":32,"_links":{"self":[{"href":"https:\/\/www.ahitv.com.tr\/index.php\/wp-json\/wp\/v2\/posts\/390","targetHints":{"allow":["GET"]}}],"collection":[{"href":"https:\/\/www.ahitv.com.tr\/index.php\/wp-json\/wp\/v2\/posts"}],"about":[{"href":"https:\/\/www.ahitv.com.tr\/index.php\/wp-json\/wp\/v2\/types\/post"}],"author":[{"embeddable":true,"href":"https:\/\/www.ahitv.com.tr\/index.php\/wp-json\/wp\/v2\/users\/1"}],"replies":[{"embeddable":true,"href":"https:\/\/www.ahitv.com.tr\/index.php\/wp-json\/wp\/v2\/comments?post=390"}],"version-history":[{"count":1,"href":"https:\/\/www.ahitv.com.tr\/index.php\/wp-json\/wp\/v2\/posts\/390\/revisions"}],"predecessor-version":[{"id":392,"href":"https:\/\/www.ahitv.com.tr\/index.php\/wp-json\/wp\/v2\/posts\/390\/revisions\/392"}],"wp:featuredmedia":[{"embeddable":true,"href":"https:\/\/www.ahitv.com.tr\/index.php\/wp-json\/wp\/v2\/media\/391"}],"wp:attachment":[{"href":"https:\/\/www.ahitv.com.tr\/index.php\/wp-json\/wp\/v2\/media?parent=390"}],"wp:term":[{"taxonomy":"category","embeddable":true,"href":"https:\/\/www.ahitv.com.tr\/index.php\/wp-json\/wp\/v2\/categories?post=390"},{"taxonomy":"post_tag","embeddable":true,"href":"https:\/\/www.ahitv.com.tr\/index.php\/wp-json\/wp\/v2\/tags?post=390"}],"curies":[{"name":"wp","href":"https:\/\/api.w.org\/{rel}","templated":true}]}}