{"id":342,"date":"2025-09-16T09:58:46","date_gmt":"2025-09-16T06:58:46","guid":{"rendered":"https:\/\/www.ahitv.com.tr\/?p=342"},"modified":"2025-09-16T09:58:46","modified_gmt":"2025-09-16T06:58:46","slug":"bulent-zafer-tas-kirsehirde-temmuz-2025de-tarim-sayimi-basladi","status":"publish","type":"post","link":"https:\/\/www.ahitv.com.tr\/index.php\/2025\/09\/16\/bulent-zafer-tas-kirsehirde-temmuz-2025de-tarim-sayimi-basladi\/","title":{"rendered":"B\u00fclent Zafer Ta\u015f K\u0131r\u015fehirde Temmuz 2025&#8217;De Tar\u0131m Say\u0131m\u0131 Ba\u015flad\u0131"},"content":{"rendered":"<p>B\u00fclent Zafer Ta\u015f K\u0131r\u015fehirde Temmuz 2025&#8217;De Tar\u0131m Say\u0131m\u0131 Ba\u015flad\u0131<\/p>\n<p><iframe loading=\"lazy\" title=\"K\u0131r\u015fehirde Temmuz 2025&#039;De Tar\u0131m Say\u0131m\u0131 Ba\u015flad\u0131\" width=\"500\" height=\"281\" src=\"https:\/\/www.youtube.com\/embed\/IThqg_EXVPs?feature=oembed\" frameborder=\"0\" allow=\"accelerometer; autoplay; clipboard-write; encrypted-media; gyroscope; picture-in-picture; web-share\" referrerpolicy=\"strict-origin-when-cross-origin\" allowfullscreen><\/iframe><\/p>\n","protected":false},"excerpt":{"rendered":"<p>B\u00fclent Zafer Ta\u015f K\u0131r\u015fehirde Temmuz 2025&#8217;De Tar\u0131m Say\u0131m\u0131 Ba\u015flad\u0131<\/p>\n","protected":false},"author":1,"featured_media":343,"comment_status":"open","ping_status":"open","sticky":false,"template":"","format":"standard","meta":{"footnotes":""},"categories":[1,3,6,2,9],"tags":[],"class_list":["post-342","post","type-post","status-publish","format-standard","has-post-thumbnail","hentry","category-genel","category-gundem","category-ilceler","category-siyaset","category-videolu-haberler"],"views":39,"_links":{"self":[{"href":"https:\/\/www.ahitv.com.tr\/index.php\/wp-json\/wp\/v2\/posts\/342","targetHints":{"allow":["GET"]}}],"collection":[{"href":"https:\/\/www.ahitv.com.tr\/index.php\/wp-json\/wp\/v2\/posts"}],"about":[{"href":"https:\/\/www.ahitv.com.tr\/index.php\/wp-json\/wp\/v2\/types\/post"}],"author":[{"embeddable":true,"href":"https:\/\/www.ahitv.com.tr\/index.php\/wp-json\/wp\/v2\/users\/1"}],"replies":[{"embeddable":true,"href":"https:\/\/www.ahitv.com.tr\/index.php\/wp-json\/wp\/v2\/comments?post=342"}],"version-history":[{"count":1,"href":"https:\/\/www.ahitv.com.tr\/index.php\/wp-json\/wp\/v2\/posts\/342\/revisions"}],"predecessor-version":[{"id":344,"href":"https:\/\/www.ahitv.com.tr\/index.php\/wp-json\/wp\/v2\/posts\/342\/revisions\/344"}],"wp:featuredmedia":[{"embeddable":true,"href":"https:\/\/www.ahitv.com.tr\/index.php\/wp-json\/wp\/v2\/media\/343"}],"wp:attachment":[{"href":"https:\/\/www.ahitv.com.tr\/index.php\/wp-json\/wp\/v2\/media?parent=342"}],"wp:term":[{"taxonomy":"category","embeddable":true,"href":"https:\/\/www.ahitv.com.tr\/index.php\/wp-json\/wp\/v2\/categories?post=342"},{"taxonomy":"post_tag","embeddable":true,"href":"https:\/\/www.ahitv.com.tr\/index.php\/wp-json\/wp\/v2\/tags?post=342"}],"curies":[{"name":"wp","href":"https:\/\/api.w.org\/{rel}","templated":true}]}}