{"id":155,"date":"2025-07-15T09:49:00","date_gmt":"2025-07-15T06:49:00","guid":{"rendered":"https:\/\/www.ahitv.com.tr\/?p=155"},"modified":"2025-07-15T09:49:00","modified_gmt":"2025-07-15T06:49:00","slug":"155","status":"publish","type":"post","link":"https:\/\/www.ahitv.com.tr\/index.php\/2025\/07\/15\/155\/","title":{"rendered":""},"content":{"rendered":"<p>AK Parti K\u0131r\u015fehir \u0130l Ba\u015fkan\u0131 Seher \u00dcnsal\u2019\u0131n 15 Temmuz Demokrasi ve Mill\u00ee Birlik G\u00fcn\u00fc Mesaj\u0131.15 Temmuz, bu aziz milletin vatan\u0131na, bayra\u011f\u0131na, ezan\u0131na ve iradesine can\u0131 pahas\u0131na sahip \u00e7\u0131kt\u0131\u011f\u0131, d\u00fcnyaya \u00f6rnek olmu\u015f bir direni\u015fin ad\u0131d\u0131r.O karanl\u0131k gecede milletimiz, kad\u0131n\u0131ndan erke\u011fine, ya\u015fl\u0131s\u0131ndan gencine kadar tek y\u00fcrek olmu\u015f; can\u0131n\u0131 ortaya koyarak demokrasiyi ayakta tutmu\u015ftur.Milletimizin sokaklara d\u00f6k\u00fclmesini sa\u011flayan en b\u00fcy\u00fck etken, Say\u0131n Cumhurba\u015fkan\u0131m\u0131z\u0131n g\u00f6sterdi\u011fi cesaret ve liderliktir.<br \/>\nO gece sarf edilen, \u201cBen milletimin yan\u0131nday\u0131m\u201d s\u00f6z\u00fc; korkuya kar\u015f\u0131 imanla, ihanete kar\u015f\u0131 milletle verilen bir cevapt\u0131.15 Temmuz, sadece bir darbe giri\u015fiminin p\u00fcsk\u00fcrt\u00fclmesi de\u011fil, ayn\u0131 zamanda bir dirili\u015fin ve yeniden \u015fahlan\u0131\u015f\u0131n ad\u0131d\u0131r. O gece \u015fehit d\u00fc\u015fen her bir vatan evlad\u0131, bu topraklar\u0131n ne kadar k\u0131ymetli ve kutsal oldu\u011funu bize bir kez daha hat\u0131rlatm\u0131\u015ft\u0131r. Bug\u00fcn bizlere d\u00fc\u015fen g\u00f6rev; o gece yaz\u0131lan destan\u0131 unutmamak, unutturmamak ve bu u\u011furda birlik ve beraberli\u011fimizi her daim korumakt\u0131r. Bu topraklarda ter\u00f6re, ihanete, fitneye asla ge\u00e7it yoktur, olmayacakt\u0131r. \u00c7\u00fcnk\u00fc bu millet, bedel \u00f6deyerek kazand\u0131\u011f\u0131 istikl\u00e2lini asla teslim etmeyecektir. Bu vesileyle; \u015fehitlerimizi rahmetle an\u0131yor, gazilerimize minnet ve \u015f\u00fckranlar\u0131m\u0131 sunuyorum. Milletimizin yazd\u0131\u011f\u0131 bu destan\u0131 bir kez daha y\u00fcrekten selaml\u0131yor, birli\u011fimizin ve karde\u015fli\u011fimizin daim olmas\u0131n\u0131 diliyorum.<\/p>\n<p><img loading=\"lazy\" decoding=\"async\" class=\"alignnone size-medium wp-image-156\" src=\"https:\/\/www.ahitv.com.tr\/wp-content\/uploads\/2025\/07\/seher-unsal-300x169.jpg\" alt=\"\" width=\"300\" height=\"169\" srcset=\"https:\/\/www.ahitv.com.tr\/wp-content\/uploads\/2025\/07\/seher-unsal-300x169.jpg 300w, https:\/\/www.ahitv.com.tr\/wp-content\/uploads\/2025\/07\/seher-unsal-1024x578.jpg 1024w, https:\/\/www.ahitv.com.tr\/wp-content\/uploads\/2025\/07\/seher-unsal-768x433.jpg 768w, https:\/\/www.ahitv.com.tr\/wp-content\/uploads\/2025\/07\/seher-unsal-1536x867.jpg 1536w, https:\/\/www.ahitv.com.tr\/wp-content\/uploads\/2025\/07\/seher-unsal-2048x1156.jpg 2048w\" sizes=\"auto, (max-width: 300px) 100vw, 300px\" \/><\/p>\n","protected":false},"excerpt":{"rendered":"<p>AK Parti K\u0131r\u015fehir \u0130l Ba\u015fkan\u0131 Seher \u00dcnsal\u2019\u0131n 15 Temmuz Demokrasi ve Mill\u00ee Birlik G\u00fcn\u00fc Mesaj\u0131.15 Temmuz, bu aziz milletin vatan\u0131na, bayra\u011f\u0131na, ezan\u0131na ve iradesine can\u0131 pahas\u0131na sahip \u00e7\u0131kt\u0131\u011f\u0131, d\u00fcnyaya \u00f6rnek olmu\u015f bir direni\u015fin ad\u0131d\u0131r.O karanl\u0131k gecede milletimiz, kad\u0131n\u0131ndan erke\u011fine, ya\u015fl\u0131s\u0131ndan gencine kadar tek y\u00fcrek olmu\u015f; can\u0131n\u0131 ortaya koyarak demokrasiyi ayakta tutmu\u015ftur.Milletimizin sokaklara d\u00f6k\u00fclmesini sa\u011flayan en [&hellip;]<\/p>\n","protected":false},"author":1,"featured_media":156,"comment_status":"open","ping_status":"open","sticky":false,"template":"","format":"standard","meta":{"footnotes":""},"categories":[1,3,6,5,2,9],"tags":[],"class_list":["post-155","post","type-post","status-publish","format-standard","has-post-thumbnail","hentry","category-genel","category-gundem","category-ilceler","category-saglik","category-siyaset","category-videolu-haberler"],"views":36,"_links":{"self":[{"href":"https:\/\/www.ahitv.com.tr\/index.php\/wp-json\/wp\/v2\/posts\/155","targetHints":{"allow":["GET"]}}],"collection":[{"href":"https:\/\/www.ahitv.com.tr\/index.php\/wp-json\/wp\/v2\/posts"}],"about":[{"href":"https:\/\/www.ahitv.com.tr\/index.php\/wp-json\/wp\/v2\/types\/post"}],"author":[{"embeddable":true,"href":"https:\/\/www.ahitv.com.tr\/index.php\/wp-json\/wp\/v2\/users\/1"}],"replies":[{"embeddable":true,"href":"https:\/\/www.ahitv.com.tr\/index.php\/wp-json\/wp\/v2\/comments?post=155"}],"version-history":[{"count":1,"href":"https:\/\/www.ahitv.com.tr\/index.php\/wp-json\/wp\/v2\/posts\/155\/revisions"}],"predecessor-version":[{"id":157,"href":"https:\/\/www.ahitv.com.tr\/index.php\/wp-json\/wp\/v2\/posts\/155\/revisions\/157"}],"wp:featuredmedia":[{"embeddable":true,"href":"https:\/\/www.ahitv.com.tr\/index.php\/wp-json\/wp\/v2\/media\/156"}],"wp:attachment":[{"href":"https:\/\/www.ahitv.com.tr\/index.php\/wp-json\/wp\/v2\/media?parent=155"}],"wp:term":[{"taxonomy":"category","embeddable":true,"href":"https:\/\/www.ahitv.com.tr\/index.php\/wp-json\/wp\/v2\/categories?post=155"},{"taxonomy":"post_tag","embeddable":true,"href":"https:\/\/www.ahitv.com.tr\/index.php\/wp-json\/wp\/v2\/tags?post=155"}],"curies":[{"name":"wp","href":"https:\/\/api.w.org\/{rel}","templated":true}]}}