{"id":1326,"date":"2026-03-13T09:29:11","date_gmt":"2026-03-13T06:29:11","guid":{"rendered":"https:\/\/www.ahitv.com.tr\/?p=1326"},"modified":"2026-03-13T09:29:11","modified_gmt":"2026-03-13T06:29:11","slug":"kirsehir-kudus-platformu-gazze-icin-iftar-programi-duzenliyor","status":"publish","type":"post","link":"https:\/\/www.ahitv.com.tr\/index.php\/2026\/03\/13\/kirsehir-kudus-platformu-gazze-icin-iftar-programi-duzenliyor\/","title":{"rendered":"K\u0131r\u015fehir Kud\u00fcs Platformu Gazze \u0130\u00e7in \u0130ftar Program\u0131 D\u00fczenliyor"},"content":{"rendered":"<p>K\u0131r\u015fehir Kud\u00fcs Platformu Gazze \u0130\u00e7in \u0130ftar Program\u0131 D\u00fczenliyor<br \/>\nK\u0131r\u015fehir&#8217;de bulunan bir\u00e7ok Sivil Toplum Kurulu\u015funun kat\u0131l\u0131m\u0131yla olu\u015fan Kud\u00fcs Platformu, 15 Mart Pazar g\u00fcn\u00fc Cacabey Meydan\u0131nda bulunan Gazze \u00c7ad\u0131r\u0131nda, gelirlerinin Gazze\u2019ye yard\u0131m olarak g\u00f6nderilece\u011fi iftar program\u0131 d\u00fczenliyor. \u0130ftara kat\u0131l\u0131m veya \u00f6\u011frencilere \u0130ftar sponsorlu\u011fu i\u00e7in sat\u0131\u015fa \u00e7\u0131kar\u0131lan 1000 tl lik \u0130ftar biletlerine K\u0131r\u015fehir halk\u0131, STK&#8217;lar, Siyasi partiler taraf\u0131ndan yo\u011fun ilgi g\u00f6sterildi\u011fi ifade ediliyor.<\/p>\n<p><img loading=\"lazy\" decoding=\"async\" class=\"alignnone size-full wp-image-1327\" src=\"https:\/\/www.ahitv.com.tr\/wp-content\/uploads\/2026\/03\/WhatsApp-Image-2026-03-12-at-20.25.40-1.jpeg\" alt=\"\" width=\"1530\" height=\"2040\" srcset=\"https:\/\/www.ahitv.com.tr\/wp-content\/uploads\/2026\/03\/WhatsApp-Image-2026-03-12-at-20.25.40-1.jpeg 1530w, https:\/\/www.ahitv.com.tr\/wp-content\/uploads\/2026\/03\/WhatsApp-Image-2026-03-12-at-20.25.40-1-360x480.jpeg 360w\" sizes=\"auto, (max-width: 1530px) 100vw, 1530px\" \/> <img loading=\"lazy\" decoding=\"async\" class=\"alignnone size-medium wp-image-1328\" src=\"https:\/\/www.ahitv.com.tr\/wp-content\/uploads\/2026\/03\/WhatsApp-Image-2026-03-12-at-20.25.40-2.jpeg\" alt=\"\" width=\"300\" height=\"107\" srcset=\"https:\/\/www.ahitv.com.tr\/wp-content\/uploads\/2026\/03\/WhatsApp-Image-2026-03-12-at-20.25.40-2.jpeg 1600w, https:\/\/www.ahitv.com.tr\/wp-content\/uploads\/2026\/03\/WhatsApp-Image-2026-03-12-at-20.25.40-2-540x192.jpeg 540w\" sizes=\"auto, (max-width: 300px) 100vw, 300px\" \/> <img loading=\"lazy\" decoding=\"async\" class=\"alignnone size-medium wp-image-1329\" src=\"https:\/\/www.ahitv.com.tr\/wp-content\/uploads\/2026\/03\/WhatsApp-Image-2026-03-12-at-20.25.40.jpeg\" alt=\"\" width=\"300\" height=\"300\" srcset=\"https:\/\/www.ahitv.com.tr\/wp-content\/uploads\/2026\/03\/WhatsApp-Image-2026-03-12-at-20.25.40.jpeg 1024w, https:\/\/www.ahitv.com.tr\/wp-content\/uploads\/2026\/03\/WhatsApp-Image-2026-03-12-at-20.25.40-150x150.jpeg 150w, https:\/\/www.ahitv.com.tr\/wp-content\/uploads\/2026\/03\/WhatsApp-Image-2026-03-12-at-20.25.40-480x480.jpeg 480w\" sizes=\"auto, (max-width: 300px) 100vw, 300px\" \/><\/p>\n","protected":false},"excerpt":{"rendered":"<p>K\u0131r\u015fehir Kud\u00fcs Platformu Gazze \u0130\u00e7in \u0130ftar Program\u0131 D\u00fczenliyor K\u0131r\u015fehir&#8217;de bulunan bir\u00e7ok Sivil Toplum Kurulu\u015funun kat\u0131l\u0131m\u0131yla olu\u015fan Kud\u00fcs Platformu, 15 Mart Pazar g\u00fcn\u00fc Cacabey Meydan\u0131nda bulunan Gazze \u00c7ad\u0131r\u0131nda, gelirlerinin Gazze\u2019ye yard\u0131m olarak g\u00f6nderilece\u011fi iftar program\u0131 d\u00fczenliyor. \u0130ftara kat\u0131l\u0131m veya \u00f6\u011frencilere \u0130ftar sponsorlu\u011fu i\u00e7in sat\u0131\u015fa \u00e7\u0131kar\u0131lan 1000 tl lik \u0130ftar biletlerine K\u0131r\u015fehir halk\u0131, STK&#8217;lar, Siyasi partiler taraf\u0131ndan [&hellip;]<\/p>\n","protected":false},"author":1,"featured_media":1330,"comment_status":"open","ping_status":"open","sticky":false,"template":"","format":"standard","meta":{"footnotes":""},"categories":[1,14,3],"tags":[],"class_list":["post-1326","post","type-post","status-publish","format-standard","has-post-thumbnail","hentry","category-genel","category-guncel","category-gundem"],"views":2338,"_links":{"self":[{"href":"https:\/\/www.ahitv.com.tr\/index.php\/wp-json\/wp\/v2\/posts\/1326","targetHints":{"allow":["GET"]}}],"collection":[{"href":"https:\/\/www.ahitv.com.tr\/index.php\/wp-json\/wp\/v2\/posts"}],"about":[{"href":"https:\/\/www.ahitv.com.tr\/index.php\/wp-json\/wp\/v2\/types\/post"}],"author":[{"embeddable":true,"href":"https:\/\/www.ahitv.com.tr\/index.php\/wp-json\/wp\/v2\/users\/1"}],"replies":[{"embeddable":true,"href":"https:\/\/www.ahitv.com.tr\/index.php\/wp-json\/wp\/v2\/comments?post=1326"}],"version-history":[{"count":1,"href":"https:\/\/www.ahitv.com.tr\/index.php\/wp-json\/wp\/v2\/posts\/1326\/revisions"}],"predecessor-version":[{"id":1331,"href":"https:\/\/www.ahitv.com.tr\/index.php\/wp-json\/wp\/v2\/posts\/1326\/revisions\/1331"}],"wp:featuredmedia":[{"embeddable":true,"href":"https:\/\/www.ahitv.com.tr\/index.php\/wp-json\/wp\/v2\/media\/1330"}],"wp:attachment":[{"href":"https:\/\/www.ahitv.com.tr\/index.php\/wp-json\/wp\/v2\/media?parent=1326"}],"wp:term":[{"taxonomy":"category","embeddable":true,"href":"https:\/\/www.ahitv.com.tr\/index.php\/wp-json\/wp\/v2\/categories?post=1326"},{"taxonomy":"post_tag","embeddable":true,"href":"https:\/\/www.ahitv.com.tr\/index.php\/wp-json\/wp\/v2\/tags?post=1326"}],"curies":[{"name":"wp","href":"https:\/\/api.w.org\/{rel}","templated":true}]}}