{"id":1314,"date":"2026-03-12T13:49:20","date_gmt":"2026-03-12T10:49:20","guid":{"rendered":"https:\/\/www.ahitv.com.tr\/?p=1314"},"modified":"2026-03-12T13:49:20","modified_gmt":"2026-03-12T10:49:20","slug":"uluslararasi-basin-konfederasyonu-turkiye-genelinde-il-temsilcilerini-atadi","status":"publish","type":"post","link":"https:\/\/www.ahitv.com.tr\/index.php\/2026\/03\/12\/uluslararasi-basin-konfederasyonu-turkiye-genelinde-il-temsilcilerini-atadi\/","title":{"rendered":"Uluslararas\u0131 Bas\u0131n Konfederasyonu T\u00fcrkiye Genelinde \u0130l Temsilcilerini Atad\u0131"},"content":{"rendered":"<p>Uluslararas\u0131 Bas\u0131n Konfederasyonu T\u00fcrkiye Genelinde \u0130l Temsilcilerini Atad\u0131<\/p>\n<p><iframe loading=\"lazy\" title=\"Uluslararas\u0131 Bas\u0131n Konfederasyonu T\u00fcrkiye Genelinde \u0130l Temsilcilerini Atad\u0131\" width=\"500\" height=\"281\" src=\"https:\/\/www.youtube.com\/embed\/BUdIinnE4ak?feature=oembed\" frameborder=\"0\" allow=\"accelerometer; autoplay; clipboard-write; encrypted-media; gyroscope; picture-in-picture; web-share\" referrerpolicy=\"strict-origin-when-cross-origin\" allowfullscreen><\/iframe><\/p>\n","protected":false},"excerpt":{"rendered":"<p>Uluslararas\u0131 Bas\u0131n Konfederasyonu T\u00fcrkiye Genelinde \u0130l Temsilcilerini Atad\u0131<\/p>\n","protected":false},"author":1,"featured_media":1315,"comment_status":"open","ping_status":"open","sticky":false,"template":"","format":"standard","meta":{"footnotes":""},"categories":[1,14,3,2,9],"tags":[],"class_list":["post-1314","post","type-post","status-publish","format-standard","has-post-thumbnail","hentry","category-genel","category-guncel","category-gundem","category-siyaset","category-videolu-haberler"],"views":2265,"_links":{"self":[{"href":"https:\/\/www.ahitv.com.tr\/index.php\/wp-json\/wp\/v2\/posts\/1314","targetHints":{"allow":["GET"]}}],"collection":[{"href":"https:\/\/www.ahitv.com.tr\/index.php\/wp-json\/wp\/v2\/posts"}],"about":[{"href":"https:\/\/www.ahitv.com.tr\/index.php\/wp-json\/wp\/v2\/types\/post"}],"author":[{"embeddable":true,"href":"https:\/\/www.ahitv.com.tr\/index.php\/wp-json\/wp\/v2\/users\/1"}],"replies":[{"embeddable":true,"href":"https:\/\/www.ahitv.com.tr\/index.php\/wp-json\/wp\/v2\/comments?post=1314"}],"version-history":[{"count":1,"href":"https:\/\/www.ahitv.com.tr\/index.php\/wp-json\/wp\/v2\/posts\/1314\/revisions"}],"predecessor-version":[{"id":1316,"href":"https:\/\/www.ahitv.com.tr\/index.php\/wp-json\/wp\/v2\/posts\/1314\/revisions\/1316"}],"wp:featuredmedia":[{"embeddable":true,"href":"https:\/\/www.ahitv.com.tr\/index.php\/wp-json\/wp\/v2\/media\/1315"}],"wp:attachment":[{"href":"https:\/\/www.ahitv.com.tr\/index.php\/wp-json\/wp\/v2\/media?parent=1314"}],"wp:term":[{"taxonomy":"category","embeddable":true,"href":"https:\/\/www.ahitv.com.tr\/index.php\/wp-json\/wp\/v2\/categories?post=1314"},{"taxonomy":"post_tag","embeddable":true,"href":"https:\/\/www.ahitv.com.tr\/index.php\/wp-json\/wp\/v2\/tags?post=1314"}],"curies":[{"name":"wp","href":"https:\/\/api.w.org\/{rel}","templated":true}]}}