{"id":1285,"date":"2026-03-11T10:50:23","date_gmt":"2026-03-11T07:50:23","guid":{"rendered":"https:\/\/www.ahitv.com.tr\/?p=1285"},"modified":"2026-03-11T10:50:23","modified_gmt":"2026-03-11T07:50:23","slug":"mhp-kirsehir-il-baskanligi-terorsuz-turkiye-icin-iftarda-bir-araya-geldi","status":"publish","type":"post","link":"https:\/\/www.ahitv.com.tr\/index.php\/2026\/03\/11\/mhp-kirsehir-il-baskanligi-terorsuz-turkiye-icin-iftarda-bir-araya-geldi\/","title":{"rendered":"Mhp K\u0131r\u015fehir \u0130l Ba\u015fkanl\u0131\u011f\u0131 Ter\u00f6rs\u00fcz T\u00fcrkiye \u0130\u00e7in \u0130ftarda Bir Araya Geldi"},"content":{"rendered":"<p>Mhp K\u0131r\u015fehir \u0130l Ba\u015fkanl\u0131\u011f\u0131 Ter\u00f6rs\u00fcz T\u00fcrkiye \u0130\u00e7in \u0130ftarda Bir Araya Geldi<\/p>\n<p>Mhp K\u0131r\u015fehir \u0130l Ba\u015fkan\u0131 Arif K\u0131l\u0131\u00e7 Yapt\u0131\u011f\u0131 A\u00e7\u0131klamada, Merkez il\u00e7e ba\u015fkan\u0131m\u0131z Yasin Berkta\u015f, Ak\u00e7akent il il\u00e7e ba\u015fkan\u0131m\u0131z Aziz Bedir bey, \u00c7i\u00e7ekda\u011f\u0131 il\u00e7e ba\u015fkan\u0131m\u0131z Mustafa K\u0131l\u0131\u00e7ay, Akp\u0131nar il\u00e7e ba\u015fkan\u0131m\u0131z Sami Atalay, Boztepe il\u00e7e ba\u015fkan\u0131m\u0131z \u0130brahim Do\u011fu, \u00d6zba\u011f Belde ba\u015fkan\u0131m\u0131z Sedat Yi\u011fit bey, K\u00f6seli belde ba\u015fkan\u0131m\u0131z F\u0131rat \u00c7etin, T\u00fcrkav ba\u015fkan\u0131n\u0131m\u0131z Mehmet T\u00fcrkmen \u00a0\u00a0KAMU-SEN ba\u015fkan\u0131m\u0131z Yusuf Ayd\u0131n, T\u00fcrk E\u011fitimsen ba\u015fkan\u0131m\u0131z H\u00fcdai Pakel, T\u00fcrk Sa\u011fl\u0131k Sen ba\u015fkan\u0131m\u0131z Erol Arslan, T\u00fcrk B\u00fcro Sen ba\u015fkan\u0131m\u0131z Kamil Altun T\u00fcrk \u0130mar Sen il temsilcimiz Ahmet G\u00fcvener T\u00fcrkiye enerji sen il temsilcimiz Nihat Mara\u015f, Ahmet Ali Cevhan T\u00fcrk Diyanet Vak\u0131f-Sen \u0130l Temsilcisi, Ali Deniz T\u00fcrk Yerel Hizmet-Sen \u0130l Temsilcisi, Sinan Elhan T\u00fcrk Tar\u0131m Orman-Sen \u0130l Temsilcisi S\u00fcleyman Altay T\u00fcrk Haber-Sen \u0130l Temsilcisi ile birlikte partimizde bug\u00fcn iftar\u0131m\u0131z\u0131 hep birlikte a\u00e7t\u0131k akabinde say\u0131n genel ba\u015fkan\u0131m\u0131z\u0131n Devlet Bah\u00e7eli Bey\u2019in talimatlar\u0131yla ger\u00e7ekle\u015ftirdi\u011fimiz ter\u00f6rs\u00fcz T\u00fcrkiye programlar\u0131 kapsam\u0131nda faaliyetlerimizi isti\u015faresinde bulunduk. Kat\u0131l\u0131m sa\u011flayan b\u00fct\u00fcn arkada\u015flar\u0131m\u0131za te\u015fekk\u00fcr ederim.<\/p>\n<p><img loading=\"lazy\" decoding=\"async\" class=\"alignnone size-full wp-image-1286\" src=\"https:\/\/www.ahitv.com.tr\/wp-content\/uploads\/2026\/03\/arif-kilic.jpg\" alt=\"\" width=\"720\" height=\"411\" srcset=\"https:\/\/www.ahitv.com.tr\/wp-content\/uploads\/2026\/03\/arif-kilic.jpg 720w, https:\/\/www.ahitv.com.tr\/wp-content\/uploads\/2026\/03\/arif-kilic-540x308.jpg 540w\" sizes=\"auto, (max-width: 720px) 100vw, 720px\" \/><\/p>\n<p>&nbsp;<\/p>\n","protected":false},"excerpt":{"rendered":"<p>Mhp K\u0131r\u015fehir \u0130l Ba\u015fkanl\u0131\u011f\u0131 Ter\u00f6rs\u00fcz T\u00fcrkiye \u0130\u00e7in \u0130ftarda Bir Araya Geldi Mhp K\u0131r\u015fehir \u0130l Ba\u015fkan\u0131 Arif K\u0131l\u0131\u00e7 Yapt\u0131\u011f\u0131 A\u00e7\u0131klamada, Merkez il\u00e7e ba\u015fkan\u0131m\u0131z Yasin Berkta\u015f, Ak\u00e7akent il il\u00e7e ba\u015fkan\u0131m\u0131z Aziz Bedir bey, \u00c7i\u00e7ekda\u011f\u0131 il\u00e7e ba\u015fkan\u0131m\u0131z Mustafa K\u0131l\u0131\u00e7ay, Akp\u0131nar il\u00e7e ba\u015fkan\u0131m\u0131z Sami Atalay, Boztepe il\u00e7e ba\u015fkan\u0131m\u0131z \u0130brahim Do\u011fu, \u00d6zba\u011f Belde ba\u015fkan\u0131m\u0131z Sedat Yi\u011fit bey, K\u00f6seli belde ba\u015fkan\u0131m\u0131z [&hellip;]<\/p>\n","protected":false},"author":1,"featured_media":1286,"comment_status":"open","ping_status":"open","sticky":false,"template":"","format":"standard","meta":{"footnotes":""},"categories":[1,14,3,6],"tags":[],"class_list":["post-1285","post","type-post","status-publish","format-standard","has-post-thumbnail","hentry","category-genel","category-guncel","category-gundem","category-ilceler"],"views":2177,"_links":{"self":[{"href":"https:\/\/www.ahitv.com.tr\/index.php\/wp-json\/wp\/v2\/posts\/1285","targetHints":{"allow":["GET"]}}],"collection":[{"href":"https:\/\/www.ahitv.com.tr\/index.php\/wp-json\/wp\/v2\/posts"}],"about":[{"href":"https:\/\/www.ahitv.com.tr\/index.php\/wp-json\/wp\/v2\/types\/post"}],"author":[{"embeddable":true,"href":"https:\/\/www.ahitv.com.tr\/index.php\/wp-json\/wp\/v2\/users\/1"}],"replies":[{"embeddable":true,"href":"https:\/\/www.ahitv.com.tr\/index.php\/wp-json\/wp\/v2\/comments?post=1285"}],"version-history":[{"count":1,"href":"https:\/\/www.ahitv.com.tr\/index.php\/wp-json\/wp\/v2\/posts\/1285\/revisions"}],"predecessor-version":[{"id":1287,"href":"https:\/\/www.ahitv.com.tr\/index.php\/wp-json\/wp\/v2\/posts\/1285\/revisions\/1287"}],"wp:featuredmedia":[{"embeddable":true,"href":"https:\/\/www.ahitv.com.tr\/index.php\/wp-json\/wp\/v2\/media\/1286"}],"wp:attachment":[{"href":"https:\/\/www.ahitv.com.tr\/index.php\/wp-json\/wp\/v2\/media?parent=1285"}],"wp:term":[{"taxonomy":"category","embeddable":true,"href":"https:\/\/www.ahitv.com.tr\/index.php\/wp-json\/wp\/v2\/categories?post=1285"},{"taxonomy":"post_tag","embeddable":true,"href":"https:\/\/www.ahitv.com.tr\/index.php\/wp-json\/wp\/v2\/tags?post=1285"}],"curies":[{"name":"wp","href":"https:\/\/api.w.org\/{rel}","templated":true}]}}