{"id":1279,"date":"2026-03-11T10:35:37","date_gmt":"2026-03-11T07:35:37","guid":{"rendered":"https:\/\/www.ahitv.com.tr\/?p=1279"},"modified":"2026-03-11T10:35:37","modified_gmt":"2026-03-11T07:35:37","slug":"kirsehir-il-milli-egitim-mudurlugumuz-personel-iftar-programi-gerceklestirildi","status":"publish","type":"post","link":"https:\/\/www.ahitv.com.tr\/index.php\/2026\/03\/11\/kirsehir-il-milli-egitim-mudurlugumuz-personel-iftar-programi-gerceklestirildi\/","title":{"rendered":"K\u0131r\u015fehir \u0130l Mill\u00ee E\u011fitim M\u00fcd\u00fcrl\u00fc\u011f\u00fcm\u00fcz Personel \u0130ftar Program\u0131 Ger\u00e7ekle\u015ftirildi."},"content":{"rendered":"<p>K\u0131r\u015fehir \u0130l Mill\u00ee E\u011fitim M\u00fcd\u00fcrl\u00fc\u011f\u00fcm\u00fcz Personel \u0130ftar Program\u0131 Ger\u00e7ekle\u015ftirildi.<br \/>\n\u201cMaarifin Kalbinde Ramazan\u201d etkinlikleri kapsam\u0131nda d\u00fczenlenen iftar program\u0131nda birlik, beraberlik ve dayan\u0131\u015fma duygular\u0131n\u0131n peki\u015ftirildi\u011fi anlaml\u0131 bir bulu\u015fma ger\u00e7ekle\u015ftirildi.<br \/>\n\u0130l Mill\u00ee E\u011fitim M\u00fcd\u00fcr\u00fc Yasin G\u00fcl\u015fen ve kurum personeli, Ramazan ay\u0131n\u0131n bereketini ve huzurunu payla\u015fmak \u00fczere bir araya geldi. Samimi bir atmosferde ger\u00e7ekle\u015fen programda Ramazan\u2019\u0131n payla\u015fma, karde\u015flik ve dayan\u0131\u015fma ruhu bir kez daha hissedildi.<br \/>\nProgram\u0131n ard\u0131ndan ger\u00e7ekle\u015ftirilen m\u00fczik dinletisiyle kat\u0131l\u0131mc\u0131lar keyifli bir ak\u015fam ge\u00e7irdi.<\/p>\n<p><img loading=\"lazy\" decoding=\"async\" class=\"alignnone size-full wp-image-1280\" src=\"https:\/\/www.ahitv.com.tr\/wp-content\/uploads\/2026\/03\/649952625_18310697398280266_6090858285998094996_n.jpg\" alt=\"\" width=\"1440\" height=\"1079\" srcset=\"https:\/\/www.ahitv.com.tr\/wp-content\/uploads\/2026\/03\/649952625_18310697398280266_6090858285998094996_n.jpg 1440w, https:\/\/www.ahitv.com.tr\/wp-content\/uploads\/2026\/03\/649952625_18310697398280266_6090858285998094996_n-540x405.jpg 540w\" sizes=\"auto, (max-width: 1440px) 100vw, 1440px\" \/> <img loading=\"lazy\" decoding=\"async\" class=\"alignnone size-medium wp-image-1281\" src=\"https:\/\/www.ahitv.com.tr\/wp-content\/uploads\/2026\/03\/650832989_18310697449280266_5219452325051325446_n.jpg\" alt=\"\" width=\"300\" height=\"225\" srcset=\"https:\/\/www.ahitv.com.tr\/wp-content\/uploads\/2026\/03\/650832989_18310697449280266_5219452325051325446_n.jpg 1440w, https:\/\/www.ahitv.com.tr\/wp-content\/uploads\/2026\/03\/650832989_18310697449280266_5219452325051325446_n-540x405.jpg 540w\" sizes=\"auto, (max-width: 300px) 100vw, 300px\" \/> <img loading=\"lazy\" decoding=\"async\" class=\"alignnone size-medium wp-image-1282\" src=\"https:\/\/www.ahitv.com.tr\/wp-content\/uploads\/2026\/03\/650887207_18310697428280266_4083211247056596354_n.jpg\" alt=\"\" width=\"300\" height=\"225\" srcset=\"https:\/\/www.ahitv.com.tr\/wp-content\/uploads\/2026\/03\/650887207_18310697428280266_4083211247056596354_n.jpg 1440w, https:\/\/www.ahitv.com.tr\/wp-content\/uploads\/2026\/03\/650887207_18310697428280266_4083211247056596354_n-540x405.jpg 540w\" sizes=\"auto, (max-width: 300px) 100vw, 300px\" \/> <img loading=\"lazy\" decoding=\"async\" class=\"alignnone size-medium wp-image-1283\" src=\"https:\/\/www.ahitv.com.tr\/wp-content\/uploads\/2026\/03\/651046306_18310697386280266_2459438895660532217_n.jpg\" alt=\"\" width=\"300\" height=\"225\" srcset=\"https:\/\/www.ahitv.com.tr\/wp-content\/uploads\/2026\/03\/651046306_18310697386280266_2459438895660532217_n.jpg 1440w, https:\/\/www.ahitv.com.tr\/wp-content\/uploads\/2026\/03\/651046306_18310697386280266_2459438895660532217_n-540x405.jpg 540w\" sizes=\"auto, (max-width: 300px) 100vw, 300px\" \/><\/p>\n<p>&nbsp;<\/p>\n","protected":false},"excerpt":{"rendered":"<p>K\u0131r\u015fehir \u0130l Mill\u00ee E\u011fitim M\u00fcd\u00fcrl\u00fc\u011f\u00fcm\u00fcz Personel \u0130ftar Program\u0131 Ger\u00e7ekle\u015ftirildi. \u201cMaarifin Kalbinde Ramazan\u201d etkinlikleri kapsam\u0131nda d\u00fczenlenen iftar program\u0131nda birlik, beraberlik ve dayan\u0131\u015fma duygular\u0131n\u0131n peki\u015ftirildi\u011fi anlaml\u0131 bir bulu\u015fma ger\u00e7ekle\u015ftirildi. \u0130l Mill\u00ee E\u011fitim M\u00fcd\u00fcr\u00fc Yasin G\u00fcl\u015fen ve kurum personeli, Ramazan ay\u0131n\u0131n bereketini ve huzurunu payla\u015fmak \u00fczere bir araya geldi. Samimi bir atmosferde ger\u00e7ekle\u015fen programda Ramazan\u2019\u0131n payla\u015fma, karde\u015flik ve [&hellip;]<\/p>\n","protected":false},"author":1,"featured_media":1282,"comment_status":"open","ping_status":"open","sticky":false,"template":"","format":"standard","meta":{"footnotes":""},"categories":[1,14,3,6,2],"tags":[],"class_list":["post-1279","post","type-post","status-publish","format-standard","has-post-thumbnail","hentry","category-genel","category-guncel","category-gundem","category-ilceler","category-siyaset"],"views":2162,"_links":{"self":[{"href":"https:\/\/www.ahitv.com.tr\/index.php\/wp-json\/wp\/v2\/posts\/1279","targetHints":{"allow":["GET"]}}],"collection":[{"href":"https:\/\/www.ahitv.com.tr\/index.php\/wp-json\/wp\/v2\/posts"}],"about":[{"href":"https:\/\/www.ahitv.com.tr\/index.php\/wp-json\/wp\/v2\/types\/post"}],"author":[{"embeddable":true,"href":"https:\/\/www.ahitv.com.tr\/index.php\/wp-json\/wp\/v2\/users\/1"}],"replies":[{"embeddable":true,"href":"https:\/\/www.ahitv.com.tr\/index.php\/wp-json\/wp\/v2\/comments?post=1279"}],"version-history":[{"count":1,"href":"https:\/\/www.ahitv.com.tr\/index.php\/wp-json\/wp\/v2\/posts\/1279\/revisions"}],"predecessor-version":[{"id":1284,"href":"https:\/\/www.ahitv.com.tr\/index.php\/wp-json\/wp\/v2\/posts\/1279\/revisions\/1284"}],"wp:featuredmedia":[{"embeddable":true,"href":"https:\/\/www.ahitv.com.tr\/index.php\/wp-json\/wp\/v2\/media\/1282"}],"wp:attachment":[{"href":"https:\/\/www.ahitv.com.tr\/index.php\/wp-json\/wp\/v2\/media?parent=1279"}],"wp:term":[{"taxonomy":"category","embeddable":true,"href":"https:\/\/www.ahitv.com.tr\/index.php\/wp-json\/wp\/v2\/categories?post=1279"},{"taxonomy":"post_tag","embeddable":true,"href":"https:\/\/www.ahitv.com.tr\/index.php\/wp-json\/wp\/v2\/tags?post=1279"}],"curies":[{"name":"wp","href":"https:\/\/api.w.org\/{rel}","templated":true}]}}