{"id":1245,"date":"2026-03-10T09:47:05","date_gmt":"2026-03-10T06:47:05","guid":{"rendered":"https:\/\/www.ahitv.com.tr\/?p=1245"},"modified":"2026-03-10T09:47:05","modified_gmt":"2026-03-10T06:47:05","slug":"vali-murat-sefa-demiryurek-ozbag-aile-sagligi-merkezini-inceledi","status":"publish","type":"post","link":"https:\/\/www.ahitv.com.tr\/index.php\/2026\/03\/10\/vali-murat-sefa-demiryurek-ozbag-aile-sagligi-merkezini-inceledi\/","title":{"rendered":"Vali Murat Sefa Demiry\u00fcrek \u00d6zba\u011f Aile Sa\u011fl\u0131\u011f\u0131 Merkezini \u0130nceledi"},"content":{"rendered":"<div class=\"css-175oi2r r-zl2h9q\">\n<div class=\"css-175oi2r r-k4xj1c r-18u37iz r-1wtj0ep\">\n<div class=\"css-175oi2r r-1d09ksm r-18u37iz r-1wbh5a2\">\n<div class=\"css-175oi2r r-1wbh5a2 r-dnmrzs r-1ny4l3l\">\n<div id=\"id__jjousp415a\" class=\"css-175oi2r r-1wbh5a2 r-dnmrzs r-1ny4l3l r-1awozwy r-18u37iz\" data-testid=\"User-Name\">\n<div class=\"css-175oi2r r-1awozwy r-18u37iz r-1wbh5a2 r-dnmrzs\">\n<div class=\"css-175oi2r r-1wbh5a2 r-dnmrzs\">\n<div class=\"css-175oi2r r-1awozwy r-18u37iz r-1wbh5a2 r-dnmrzs\">\n<div class=\"css-146c3p1 r-bcqeeo r-1ttztb7 r-qvutc0 r-37j5jr r-a023e6 r-rjixqe r-b88u0q r-1awozwy r-6koalj r-1udh08x r-3s2u2q\" dir=\"ltr\"><span class=\"css-1jxf684 r-dnmrzs r-1udh08x r-1udbk01 r-3s2u2q r-bcqeeo r-1ttztb7 r-qvutc0 r-poiln3\"><span class=\"css-1jxf684 r-bcqeeo r-1ttztb7 r-qvutc0 r-poiln3\">Vali Murat Sefa Demiry\u00fcrek \u00d6zba\u011f Aile Sa\u011fl\u0131\u011f\u0131 Merkezini \u0130nceledi<\/span><\/span><\/div>\n<div class=\"css-146c3p1 r-bcqeeo r-1ttztb7 r-qvutc0 r-37j5jr r-a023e6 r-rjixqe r-b88u0q r-1awozwy r-6koalj r-1udh08x r-3s2u2q\" dir=\"ltr\"><span class=\"css-1jxf684 r-dnmrzs r-1udh08x r-1udbk01 r-3s2u2q r-bcqeeo r-1ttztb7 r-qvutc0 r-poiln3\"><span class=\"css-1jxf684 r-bcqeeo r-1ttztb7 r-qvutc0 r-poiln3\">Vali Murat Sefa Demiry\u00fcrek <\/span><\/span>\u00d6zba\u011f Aile Sa\u011fl\u0131\u011f\u0131 Merkezi \u0130l Sa\u011fl\u0131k M\u00fcd\u00fcr\u00fc Dr. S\u00fcleyman Ersoy ve \u00d6zba\u011f Belediye Ba\u015fkan\u0131\u00a0 \u0130smail \u00c7anak\u00e7\u0131 ile birlikte, k\u0131sa s\u00fcre \u00f6nce tamamlanarak vatanda\u015flar\u0131m\u0131z\u0131n hizmetine sunulmu\u015f olan \u00d6zba\u011f Aile Sa\u011fl\u0131\u011f\u0131 Merkezi\u2019nde incelemelerde bulunarak yetkililerden bilgi ald\u0131k.<\/div>\n<div dir=\"ltr\"><img loading=\"lazy\" decoding=\"async\" class=\"alignnone size-full wp-image-1246\" src=\"https:\/\/www.ahitv.com.tr\/wp-content\/uploads\/2026\/03\/HC-o-lnWEAASJMY.jpg\" alt=\"\" width=\"2048\" height=\"1442\" srcset=\"https:\/\/www.ahitv.com.tr\/wp-content\/uploads\/2026\/03\/HC-o-lnWEAASJMY.jpg 2048w, https:\/\/www.ahitv.com.tr\/wp-content\/uploads\/2026\/03\/HC-o-lnWEAASJMY-540x380.jpg 540w\" sizes=\"auto, (max-width: 2048px) 100vw, 2048px\" \/> <img loading=\"lazy\" decoding=\"async\" class=\"alignnone size-medium wp-image-1247\" src=\"https:\/\/www.ahitv.com.tr\/wp-content\/uploads\/2026\/03\/HC-o-lpWEAAyDbz.jpg\" alt=\"\" width=\"300\" height=\"200\" srcset=\"https:\/\/www.ahitv.com.tr\/wp-content\/uploads\/2026\/03\/HC-o-lpWEAAyDbz.jpg 2048w, https:\/\/www.ahitv.com.tr\/wp-content\/uploads\/2026\/03\/HC-o-lpWEAAyDbz-540x360.jpg 540w, https:\/\/www.ahitv.com.tr\/wp-content\/uploads\/2026\/03\/HC-o-lpWEAAyDbz-272x182.jpg 272w\" sizes=\"auto, (max-width: 300px) 100vw, 300px\" \/> <img loading=\"lazy\" decoding=\"async\" class=\"alignnone size-medium wp-image-1248\" src=\"https:\/\/www.ahitv.com.tr\/wp-content\/uploads\/2026\/03\/HC-o-mJbUAAz64k.jpg\" alt=\"\" width=\"300\" height=\"200\" srcset=\"https:\/\/www.ahitv.com.tr\/wp-content\/uploads\/2026\/03\/HC-o-mJbUAAz64k.jpg 2048w, https:\/\/www.ahitv.com.tr\/wp-content\/uploads\/2026\/03\/HC-o-mJbUAAz64k-540x360.jpg 540w, https:\/\/www.ahitv.com.tr\/wp-content\/uploads\/2026\/03\/HC-o-mJbUAAz64k-272x182.jpg 272w\" sizes=\"auto, (max-width: 300px) 100vw, 300px\" \/> <img loading=\"lazy\" decoding=\"async\" class=\"alignnone size-medium wp-image-1249\" src=\"https:\/\/www.ahitv.com.tr\/wp-content\/uploads\/2026\/03\/HC-o-mPa0AAwHWr.jpg\" alt=\"\" width=\"300\" height=\"200\" srcset=\"https:\/\/www.ahitv.com.tr\/wp-content\/uploads\/2026\/03\/HC-o-mPa0AAwHWr.jpg 2048w, https:\/\/www.ahitv.com.tr\/wp-content\/uploads\/2026\/03\/HC-o-mPa0AAwHWr-540x360.jpg 540w, https:\/\/www.ahitv.com.tr\/wp-content\/uploads\/2026\/03\/HC-o-mPa0AAwHWr-272x182.jpg 272w\" sizes=\"auto, (max-width: 300px) 100vw, 300px\" \/><\/div>\n<\/div>\n<\/div>\n<\/div>\n<\/div>\n<\/div>\n<\/div>\n<\/div>\n<\/div>\n","protected":false},"excerpt":{"rendered":"<p>Vali Murat Sefa Demiry\u00fcrek \u00d6zba\u011f Aile Sa\u011fl\u0131\u011f\u0131 Merkezini \u0130nceledi Vali Murat Sefa Demiry\u00fcrek \u00d6zba\u011f Aile Sa\u011fl\u0131\u011f\u0131 Merkezi \u0130l Sa\u011fl\u0131k M\u00fcd\u00fcr\u00fc Dr. S\u00fcleyman Ersoy ve \u00d6zba\u011f Belediye Ba\u015fkan\u0131\u00a0 \u0130smail \u00c7anak\u00e7\u0131 ile birlikte, k\u0131sa s\u00fcre \u00f6nce tamamlanarak vatanda\u015flar\u0131m\u0131z\u0131n hizmetine sunulmu\u015f olan \u00d6zba\u011f Aile Sa\u011fl\u0131\u011f\u0131 Merkezi\u2019nde incelemelerde bulunarak yetkililerden bilgi ald\u0131k.<\/p>\n","protected":false},"author":1,"featured_media":1247,"comment_status":"open","ping_status":"open","sticky":false,"template":"","format":"standard","meta":{"footnotes":""},"categories":[1,14,3,5],"tags":[],"class_list":["post-1245","post","type-post","status-publish","format-standard","has-post-thumbnail","hentry","category-genel","category-guncel","category-gundem","category-saglik"],"views":2211,"_links":{"self":[{"href":"https:\/\/www.ahitv.com.tr\/index.php\/wp-json\/wp\/v2\/posts\/1245","targetHints":{"allow":["GET"]}}],"collection":[{"href":"https:\/\/www.ahitv.com.tr\/index.php\/wp-json\/wp\/v2\/posts"}],"about":[{"href":"https:\/\/www.ahitv.com.tr\/index.php\/wp-json\/wp\/v2\/types\/post"}],"author":[{"embeddable":true,"href":"https:\/\/www.ahitv.com.tr\/index.php\/wp-json\/wp\/v2\/users\/1"}],"replies":[{"embeddable":true,"href":"https:\/\/www.ahitv.com.tr\/index.php\/wp-json\/wp\/v2\/comments?post=1245"}],"version-history":[{"count":1,"href":"https:\/\/www.ahitv.com.tr\/index.php\/wp-json\/wp\/v2\/posts\/1245\/revisions"}],"predecessor-version":[{"id":1250,"href":"https:\/\/www.ahitv.com.tr\/index.php\/wp-json\/wp\/v2\/posts\/1245\/revisions\/1250"}],"wp:featuredmedia":[{"embeddable":true,"href":"https:\/\/www.ahitv.com.tr\/index.php\/wp-json\/wp\/v2\/media\/1247"}],"wp:attachment":[{"href":"https:\/\/www.ahitv.com.tr\/index.php\/wp-json\/wp\/v2\/media?parent=1245"}],"wp:term":[{"taxonomy":"category","embeddable":true,"href":"https:\/\/www.ahitv.com.tr\/index.php\/wp-json\/wp\/v2\/categories?post=1245"},{"taxonomy":"post_tag","embeddable":true,"href":"https:\/\/www.ahitv.com.tr\/index.php\/wp-json\/wp\/v2\/tags?post=1245"}],"curies":[{"name":"wp","href":"https:\/\/api.w.org\/{rel}","templated":true}]}}