{"id":1222,"date":"2026-03-10T09:32:25","date_gmt":"2026-03-10T06:32:25","guid":{"rendered":"https:\/\/www.ahitv.com.tr\/?p=1222"},"modified":"2026-03-10T09:32:25","modified_gmt":"2026-03-10T06:32:25","slug":"mucur-aile-sagligi-merkezi-toplum-sagligi-merkezi-ve-112-acil-saglik-hizmetleri-istasyonu-yeni-binasi-hizmete-acildi","status":"publish","type":"post","link":"https:\/\/www.ahitv.com.tr\/index.php\/2026\/03\/10\/mucur-aile-sagligi-merkezi-toplum-sagligi-merkezi-ve-112-acil-saglik-hizmetleri-istasyonu-yeni-binasi-hizmete-acildi\/","title":{"rendered":"MUCUR A\u0130LE SA\u011eLI\u011eI MERKEZ\u0130, TOPLUM SA\u011eLI\u011eI MERKEZ\u0130 VE 112 AC\u0130L SA\u011eLIK H\u0130ZMETLER\u0130 \u0130STASYONU YEN\u0130 B\u0130NASI H\u0130ZMETE A\u00c7ILDI"},"content":{"rendered":"<p>MUCUR A\u0130LE SA\u011eLI\u011eI MERKEZ\u0130, TOPLUM SA\u011eLI\u011eI MERKEZ\u0130 VE 112 AC\u0130L SA\u011eLIK H\u0130ZMETLER\u0130 \u0130STASYONU YEN\u0130 B\u0130NASI H\u0130ZMETE A\u00c7ILDI!<\/p>\n<p>K\u0131r\u015fehir Valisi Murat Sefa DEM\u0130RY\u00dcREK Mucur il\u00e7esinde hizmete a\u00e7\u0131lan Aile Sa\u011fl\u0131\u011f\u0131 Merkezi, Toplum Sa\u011fl\u0131\u011f\u0131 Merkezi ve 112 Acil Sa\u011fl\u0131k Hizmetleri \u0130stasyonu yeni hizmet binas\u0131n\u0131 ziyaret etti.<\/p>\n<p>Mucur Kaymakam Vekili Abdulhamit BAYRAM, \u0130l Sa\u011fl\u0131k M\u00fcd\u00fcr\u00fc Do\u00e7. Dr. S\u00fcleyman ERSOY ve Sa\u011fl\u0131k Y\u00f6neticilerininde kat\u0131ld\u0131\u011f\u0131 ziyarette, Vali Murat Sefa DEM\u0130RY\u00dcREK Aile Sa\u011fl\u0131\u011f\u0131 Merkezi, Toplum Sa\u011fl\u0131\u011f\u0131 Merkezi ve 112 Acil Sa\u011fl\u0131k hizmetleri istasyonumuzda g\u00f6revli sa\u011fl\u0131k \u00e7al\u0131\u015fanlar\u0131m\u0131z ile bir araya gelerek sa\u011fl\u0131k tesislerimizdeki i\u015fleyi\u015fler hakk\u0131nda bilgiler ald\u0131.<\/p>\n<p>Yeni hizmet binas\u0131n\u0131n hay\u0131rl\u0131 olmas\u0131n\u0131 temenni eden Vali DEM\u0130RY\u00dcREK, sa\u011fl\u0131k \u00e7al\u0131\u015fanlar\u0131na g\u00f6revlerinde ba\u015far\u0131lar diledi.<\/p>\n<p><img loading=\"lazy\" decoding=\"async\" class=\"alignnone size-full wp-image-1223\" src=\"https:\/\/www.ahitv.com.tr\/wp-content\/uploads\/2026\/03\/647337185_1338888648284655_2360552465281250108_n.jpg\" alt=\"\" width=\"2048\" height=\"1356\" srcset=\"https:\/\/www.ahitv.com.tr\/wp-content\/uploads\/2026\/03\/647337185_1338888648284655_2360552465281250108_n.jpg 2048w, https:\/\/www.ahitv.com.tr\/wp-content\/uploads\/2026\/03\/647337185_1338888648284655_2360552465281250108_n-540x358.jpg 540w\" sizes=\"auto, (max-width: 2048px) 100vw, 2048px\" \/> <img loading=\"lazy\" decoding=\"async\" class=\"alignnone size-medium wp-image-1224\" src=\"https:\/\/www.ahitv.com.tr\/wp-content\/uploads\/2026\/03\/648401603_1338888568284663_5589352436653530155_n.jpg\" alt=\"\" width=\"300\" height=\"199\" srcset=\"https:\/\/www.ahitv.com.tr\/wp-content\/uploads\/2026\/03\/648401603_1338888568284663_5589352436653530155_n.jpg 2048w, https:\/\/www.ahitv.com.tr\/wp-content\/uploads\/2026\/03\/648401603_1338888568284663_5589352436653530155_n-540x358.jpg 540w\" sizes=\"auto, (max-width: 300px) 100vw, 300px\" \/> <img loading=\"lazy\" decoding=\"async\" class=\"alignnone size-medium wp-image-1225\" src=\"https:\/\/www.ahitv.com.tr\/wp-content\/uploads\/2026\/03\/648604620_1338888561617997_5450956231122312556_n.jpg\" alt=\"\" width=\"300\" height=\"199\" srcset=\"https:\/\/www.ahitv.com.tr\/wp-content\/uploads\/2026\/03\/648604620_1338888561617997_5450956231122312556_n.jpg 2048w, https:\/\/www.ahitv.com.tr\/wp-content\/uploads\/2026\/03\/648604620_1338888561617997_5450956231122312556_n-540x358.jpg 540w\" sizes=\"auto, (max-width: 300px) 100vw, 300px\" \/> <img loading=\"lazy\" decoding=\"async\" class=\"alignnone size-medium wp-image-1226\" src=\"https:\/\/www.ahitv.com.tr\/wp-content\/uploads\/2026\/03\/648797802_1338888504951336_2364052413546682405_n.jpg\" alt=\"\" width=\"300\" height=\"199\" srcset=\"https:\/\/www.ahitv.com.tr\/wp-content\/uploads\/2026\/03\/648797802_1338888504951336_2364052413546682405_n.jpg 2048w, https:\/\/www.ahitv.com.tr\/wp-content\/uploads\/2026\/03\/648797802_1338888504951336_2364052413546682405_n-540x358.jpg 540w\" sizes=\"auto, (max-width: 300px) 100vw, 300px\" \/> <img loading=\"lazy\" decoding=\"async\" class=\"alignnone size-medium wp-image-1227\" src=\"https:\/\/www.ahitv.com.tr\/wp-content\/uploads\/2026\/03\/648869938_1338888654951321_6713766302258927077_n.jpg\" alt=\"\" width=\"300\" height=\"199\" srcset=\"https:\/\/www.ahitv.com.tr\/wp-content\/uploads\/2026\/03\/648869938_1338888654951321_6713766302258927077_n.jpg 2048w, https:\/\/www.ahitv.com.tr\/wp-content\/uploads\/2026\/03\/648869938_1338888654951321_6713766302258927077_n-540x358.jpg 540w\" sizes=\"auto, (max-width: 300px) 100vw, 300px\" \/> <img loading=\"lazy\" decoding=\"async\" class=\"alignnone size-medium wp-image-1228\" src=\"https:\/\/www.ahitv.com.tr\/wp-content\/uploads\/2026\/03\/649179025_1338888614951325_5858602794804593764_n.jpg\" alt=\"\" width=\"300\" height=\"199\" srcset=\"https:\/\/www.ahitv.com.tr\/wp-content\/uploads\/2026\/03\/649179025_1338888614951325_5858602794804593764_n.jpg 2048w, https:\/\/www.ahitv.com.tr\/wp-content\/uploads\/2026\/03\/649179025_1338888614951325_5858602794804593764_n-540x358.jpg 540w\" sizes=\"auto, (max-width: 300px) 100vw, 300px\" \/> <img loading=\"lazy\" decoding=\"async\" class=\"alignnone size-medium wp-image-1229\" src=\"https:\/\/www.ahitv.com.tr\/wp-content\/uploads\/2026\/03\/649286821_1338888548284665_197425056914417084_n.jpg\" alt=\"\" width=\"300\" height=\"199\" srcset=\"https:\/\/www.ahitv.com.tr\/wp-content\/uploads\/2026\/03\/649286821_1338888548284665_197425056914417084_n.jpg 2048w, https:\/\/www.ahitv.com.tr\/wp-content\/uploads\/2026\/03\/649286821_1338888548284665_197425056914417084_n-540x358.jpg 540w\" sizes=\"auto, (max-width: 300px) 100vw, 300px\" \/><\/p>\n","protected":false},"excerpt":{"rendered":"<p>MUCUR A\u0130LE SA\u011eLI\u011eI MERKEZ\u0130, TOPLUM SA\u011eLI\u011eI MERKEZ\u0130 VE 112 AC\u0130L SA\u011eLIK H\u0130ZMETLER\u0130 \u0130STASYONU YEN\u0130 B\u0130NASI H\u0130ZMETE A\u00c7ILDI! K\u0131r\u015fehir Valisi Murat Sefa DEM\u0130RY\u00dcREK Mucur il\u00e7esinde hizmete a\u00e7\u0131lan Aile Sa\u011fl\u0131\u011f\u0131 Merkezi, Toplum Sa\u011fl\u0131\u011f\u0131 Merkezi ve 112 Acil Sa\u011fl\u0131k Hizmetleri \u0130stasyonu yeni hizmet binas\u0131n\u0131 ziyaret etti. Mucur Kaymakam Vekili Abdulhamit BAYRAM, \u0130l Sa\u011fl\u0131k M\u00fcd\u00fcr\u00fc Do\u00e7. Dr. S\u00fcleyman ERSOY [&hellip;]<\/p>\n","protected":false},"author":1,"featured_media":1229,"comment_status":"open","ping_status":"open","sticky":false,"template":"","format":"standard","meta":{"footnotes":""},"categories":[1,14,3,6,5],"tags":[],"class_list":["post-1222","post","type-post","status-publish","format-standard","has-post-thumbnail","hentry","category-genel","category-guncel","category-gundem","category-ilceler","category-saglik"],"views":2194,"_links":{"self":[{"href":"https:\/\/www.ahitv.com.tr\/index.php\/wp-json\/wp\/v2\/posts\/1222","targetHints":{"allow":["GET"]}}],"collection":[{"href":"https:\/\/www.ahitv.com.tr\/index.php\/wp-json\/wp\/v2\/posts"}],"about":[{"href":"https:\/\/www.ahitv.com.tr\/index.php\/wp-json\/wp\/v2\/types\/post"}],"author":[{"embeddable":true,"href":"https:\/\/www.ahitv.com.tr\/index.php\/wp-json\/wp\/v2\/users\/1"}],"replies":[{"embeddable":true,"href":"https:\/\/www.ahitv.com.tr\/index.php\/wp-json\/wp\/v2\/comments?post=1222"}],"version-history":[{"count":2,"href":"https:\/\/www.ahitv.com.tr\/index.php\/wp-json\/wp\/v2\/posts\/1222\/revisions"}],"predecessor-version":[{"id":1231,"href":"https:\/\/www.ahitv.com.tr\/index.php\/wp-json\/wp\/v2\/posts\/1222\/revisions\/1231"}],"wp:featuredmedia":[{"embeddable":true,"href":"https:\/\/www.ahitv.com.tr\/index.php\/wp-json\/wp\/v2\/media\/1229"}],"wp:attachment":[{"href":"https:\/\/www.ahitv.com.tr\/index.php\/wp-json\/wp\/v2\/media?parent=1222"}],"wp:term":[{"taxonomy":"category","embeddable":true,"href":"https:\/\/www.ahitv.com.tr\/index.php\/wp-json\/wp\/v2\/categories?post=1222"},{"taxonomy":"post_tag","embeddable":true,"href":"https:\/\/www.ahitv.com.tr\/index.php\/wp-json\/wp\/v2\/tags?post=1222"}],"curies":[{"name":"wp","href":"https:\/\/api.w.org\/{rel}","templated":true}]}}