{"id":1204,"date":"2026-03-09T09:48:37","date_gmt":"2026-03-09T06:48:37","guid":{"rendered":"https:\/\/www.ahitv.com.tr\/?p=1204"},"modified":"2026-03-09T09:48:37","modified_gmt":"2026-03-09T06:48:37","slug":"vali-murat-sefa-demir-sehitlerimizin-aileleri-bize-emanet","status":"publish","type":"post","link":"https:\/\/www.ahitv.com.tr\/index.php\/2026\/03\/09\/vali-murat-sefa-demir-sehitlerimizin-aileleri-bize-emanet\/","title":{"rendered":"Vali Murat Sefa Demir \u015eehitlerimizin Aileleri Bize Emanet"},"content":{"rendered":"<div class=\"css-175oi2r r-zl2h9q\">\n<div class=\"css-175oi2r r-k4xj1c r-18u37iz r-1wtj0ep\">\n<div class=\"css-175oi2r r-1d09ksm r-18u37iz r-1wbh5a2\">\n<div class=\"css-175oi2r r-1wbh5a2 r-dnmrzs r-1ny4l3l\">\n<div id=\"id__vpcx2n4hkkn\" class=\"css-175oi2r r-1wbh5a2 r-dnmrzs r-1ny4l3l r-1awozwy r-18u37iz\" data-testid=\"User-Name\">\n<div class=\"css-175oi2r r-1awozwy r-18u37iz r-1wbh5a2 r-dnmrzs\">\n<div class=\"css-175oi2r r-1wbh5a2 r-dnmrzs\">\n<div class=\"css-175oi2r r-1awozwy r-18u37iz r-1wbh5a2 r-dnmrzs\">\n<div class=\"css-146c3p1 r-bcqeeo r-1ttztb7 r-qvutc0 r-37j5jr r-a023e6 r-rjixqe r-b88u0q r-1awozwy r-6koalj r-1udh08x r-3s2u2q\" dir=\"ltr\"><span class=\"css-1jxf684 r-dnmrzs r-1udh08x r-1udbk01 r-3s2u2q r-bcqeeo r-1ttztb7 r-qvutc0 r-poiln3\"><span class=\"css-1jxf684 r-bcqeeo r-1ttztb7 r-qvutc0 r-poiln3\">Vali Murat Sefa Demir \u015eehitlerimizin Aileleri Bize Emanet<\/span><\/span><\/div>\n<div class=\"css-146c3p1 r-bcqeeo r-1ttztb7 r-qvutc0 r-37j5jr r-a023e6 r-rjixqe r-b88u0q r-1awozwy r-6koalj r-1udh08x r-3s2u2q\" dir=\"ltr\"><span class=\"css-1jxf684 r-dnmrzs r-1udh08x r-1udbk01 r-3s2u2q r-bcqeeo r-1ttztb7 r-qvutc0 r-poiln3\"><span class=\"css-1jxf684 r-bcqeeo r-1ttztb7 r-qvutc0 r-poiln3\">Vali Murat Sefa Demiry\u00fcrek <\/span><\/span><span class=\"css-1jxf684 r-bcqeeo r-1ttztb7 r-qvutc0 r-poiln3\">2013 Y\u0131l\u0131nda, K\u0131r\u015fehir&#8217;de ka\u00e7makta olan zanl\u0131lar\u0131 yakalamak isterken meydana gelen trafik kazas\u0131 sonucu \u015fehadete eren \u015eehit Polis Memuru Durmu\u015f Turan B\u00fclb\u00fcl\u2019\u00fcn e\u015fi ve \u00e7ocuklar\u0131 ile <\/span><span class=\"css-1jxf684 r-bcqeeo r-1ttztb7 r-qvutc0 r-poiln3\">2003 y\u0131l\u0131nda \u015e\u0131rnak\u2019ta ter\u00f6ristlerle girdi\u011fi \u00e7at\u0131\u015fma sonucu \u015fehit d\u00fc\u015fen P. Er Osman Sar\u0131ca&#8217;n\u0131n babaoca\u011f\u0131n\u0131 e\u015fimle birlikte ziyaret ettik. Ziyaretlerimizde, \u015fehitlerimizin bizlere emaneti olan ailelerimizin hem <\/span><span class=\"r-18u37iz\"><a class=\"css-1jxf684 r-bcqeeo r-1ttztb7 r-qvutc0 r-poiln3 r-1loqt21\" dir=\"ltr\" role=\"link\" href=\"https:\/\/x.com\/hashtag\/Ramazan?src=hashtag_click\">#Ramazan<\/a><\/span><span class=\"css-1jxf684 r-bcqeeo r-1ttztb7 r-qvutc0 r-poiln3\"> aylar\u0131n\u0131 tebrik ettik, hem de \u015fehidimizin e\u015fi Sn. Sibel B\u00fclb\u00fcl ile \u015fehidimizin annesi Sn. Esvat Sar\u0131ca\u2019n\u0131n <\/span><span class=\"r-18u37iz\"><a class=\"css-1jxf684 r-bcqeeo r-1ttztb7 r-qvutc0 r-poiln3 r-1loqt21\" dir=\"ltr\" role=\"link\" href=\"https:\/\/x.com\/hashtag\/8MartD%C3%BCnyaKad%C4%B1nlarG%C3%BCn%C3%BC?src=hashtag_click\">#8MartD\u00fcnyaKad\u0131nlarG\u00fcn\u00fc<\/a><\/span><span class=\"css-1jxf684 r-bcqeeo r-1ttztb7 r-qvutc0 r-poiln3\">&#8216;n\u00fc kutlad\u0131k. Bu vesileyle, Aziz \u015eehitlerimize bir kere daha Y\u00fcce Allah&#8217;tan rahmet diliyorum.<\/span><\/div>\n<div dir=\"ltr\"><img loading=\"lazy\" decoding=\"async\" class=\"alignnone size-full wp-image-1205\" src=\"https:\/\/www.ahitv.com.tr\/wp-content\/uploads\/2026\/03\/HC5HF0XX0AAwDgm.jpg\" alt=\"\" width=\"2048\" height=\"1365\" srcset=\"https:\/\/www.ahitv.com.tr\/wp-content\/uploads\/2026\/03\/HC5HF0XX0AAwDgm.jpg 2048w, https:\/\/www.ahitv.com.tr\/wp-content\/uploads\/2026\/03\/HC5HF0XX0AAwDgm-540x360.jpg 540w, https:\/\/www.ahitv.com.tr\/wp-content\/uploads\/2026\/03\/HC5HF0XX0AAwDgm-272x182.jpg 272w\" sizes=\"auto, (max-width: 2048px) 100vw, 2048px\" \/> <img loading=\"lazy\" decoding=\"async\" class=\"alignnone size-medium wp-image-1206\" src=\"https:\/\/www.ahitv.com.tr\/wp-content\/uploads\/2026\/03\/HC5HF0XXQAAHjZ1.jpg\" alt=\"\" width=\"300\" height=\"200\" srcset=\"https:\/\/www.ahitv.com.tr\/wp-content\/uploads\/2026\/03\/HC5HF0XXQAAHjZ1.jpg 2048w, https:\/\/www.ahitv.com.tr\/wp-content\/uploads\/2026\/03\/HC5HF0XXQAAHjZ1-540x360.jpg 540w, https:\/\/www.ahitv.com.tr\/wp-content\/uploads\/2026\/03\/HC5HF0XXQAAHjZ1-272x182.jpg 272w\" sizes=\"auto, (max-width: 300px) 100vw, 300px\" \/> <img loading=\"lazy\" decoding=\"async\" class=\"alignnone size-medium wp-image-1207\" src=\"https:\/\/www.ahitv.com.tr\/wp-content\/uploads\/2026\/03\/HC5HF0XXUAAk1xl.jpg\" alt=\"\" width=\"300\" height=\"219\" srcset=\"https:\/\/www.ahitv.com.tr\/wp-content\/uploads\/2026\/03\/HC5HF0XXUAAk1xl.jpg 2048w, https:\/\/www.ahitv.com.tr\/wp-content\/uploads\/2026\/03\/HC5HF0XXUAAk1xl-540x394.jpg 540w\" sizes=\"auto, (max-width: 300px) 100vw, 300px\" \/> <img loading=\"lazy\" decoding=\"async\" class=\"alignnone size-medium wp-image-1208\" src=\"https:\/\/www.ahitv.com.tr\/wp-content\/uploads\/2026\/03\/HC5HF0ZWUAAgyfR.jpg\" alt=\"\" width=\"300\" height=\"205\" srcset=\"https:\/\/www.ahitv.com.tr\/wp-content\/uploads\/2026\/03\/HC5HF0ZWUAAgyfR.jpg 2048w, https:\/\/www.ahitv.com.tr\/wp-content\/uploads\/2026\/03\/HC5HF0ZWUAAgyfR-540x369.jpg 540w\" sizes=\"auto, (max-width: 300px) 100vw, 300px\" \/><\/div>\n<\/div>\n<\/div>\n<\/div>\n<\/div>\n<\/div>\n<\/div>\n<\/div>\n<\/div>\n","protected":false},"excerpt":{"rendered":"<p>Vali Murat Sefa Demir \u015eehitlerimizin Aileleri Bize Emanet Vali Murat Sefa Demiry\u00fcrek 2013 Y\u0131l\u0131nda, K\u0131r\u015fehir&#8217;de ka\u00e7makta olan zanl\u0131lar\u0131 yakalamak isterken meydana gelen trafik kazas\u0131 sonucu \u015fehadete eren \u015eehit Polis Memuru Durmu\u015f Turan B\u00fclb\u00fcl\u2019\u00fcn e\u015fi ve \u00e7ocuklar\u0131 ile 2003 y\u0131l\u0131nda \u015e\u0131rnak\u2019ta ter\u00f6ristlerle girdi\u011fi \u00e7at\u0131\u015fma sonucu \u015fehit d\u00fc\u015fen P. Er Osman Sar\u0131ca&#8217;n\u0131n babaoca\u011f\u0131n\u0131 e\u015fimle birlikte ziyaret ettik. [&hellip;]<\/p>\n","protected":false},"author":1,"featured_media":1207,"comment_status":"open","ping_status":"open","sticky":false,"template":"","format":"standard","meta":{"footnotes":""},"categories":[1,14,3,6,2],"tags":[],"class_list":["post-1204","post","type-post","status-publish","format-standard","has-post-thumbnail","hentry","category-genel","category-guncel","category-gundem","category-ilceler","category-siyaset"],"views":703,"_links":{"self":[{"href":"https:\/\/www.ahitv.com.tr\/index.php\/wp-json\/wp\/v2\/posts\/1204","targetHints":{"allow":["GET"]}}],"collection":[{"href":"https:\/\/www.ahitv.com.tr\/index.php\/wp-json\/wp\/v2\/posts"}],"about":[{"href":"https:\/\/www.ahitv.com.tr\/index.php\/wp-json\/wp\/v2\/types\/post"}],"author":[{"embeddable":true,"href":"https:\/\/www.ahitv.com.tr\/index.php\/wp-json\/wp\/v2\/users\/1"}],"replies":[{"embeddable":true,"href":"https:\/\/www.ahitv.com.tr\/index.php\/wp-json\/wp\/v2\/comments?post=1204"}],"version-history":[{"count":2,"href":"https:\/\/www.ahitv.com.tr\/index.php\/wp-json\/wp\/v2\/posts\/1204\/revisions"}],"predecessor-version":[{"id":1210,"href":"https:\/\/www.ahitv.com.tr\/index.php\/wp-json\/wp\/v2\/posts\/1204\/revisions\/1210"}],"wp:featuredmedia":[{"embeddable":true,"href":"https:\/\/www.ahitv.com.tr\/index.php\/wp-json\/wp\/v2\/media\/1207"}],"wp:attachment":[{"href":"https:\/\/www.ahitv.com.tr\/index.php\/wp-json\/wp\/v2\/media?parent=1204"}],"wp:term":[{"taxonomy":"category","embeddable":true,"href":"https:\/\/www.ahitv.com.tr\/index.php\/wp-json\/wp\/v2\/categories?post=1204"},{"taxonomy":"post_tag","embeddable":true,"href":"https:\/\/www.ahitv.com.tr\/index.php\/wp-json\/wp\/v2\/tags?post=1204"}],"curies":[{"name":"wp","href":"https:\/\/api.w.org\/{rel}","templated":true}]}}