{"id":1197,"date":"2026-03-09T09:43:44","date_gmt":"2026-03-09T06:43:44","guid":{"rendered":"https:\/\/www.ahitv.com.tr\/?p=1197"},"modified":"2026-03-09T09:43:44","modified_gmt":"2026-03-09T06:43:44","slug":"vali-murat-sefa-demiryurek-koruyucu-ailelerin-iftarina-katildi","status":"publish","type":"post","link":"https:\/\/www.ahitv.com.tr\/index.php\/2026\/03\/09\/vali-murat-sefa-demiryurek-koruyucu-ailelerin-iftarina-katildi\/","title":{"rendered":"Vali Murat Sefa Demiry\u00fcrek Koruyucu Ailelerin \u0130ftar\u0131na Kat\u0131ld\u0131"},"content":{"rendered":"<p>Vali Murat Sefa Demiry\u00fcrek Koruyucu Ailelerin \u0130ftar\u0131na Kat\u0131ld\u0131<\/p>\n<p>Vali Murat Sefa Demiry\u00fcrek K\u0131r\u015fehir&#8217;deki koruyucu ailelerimizle bu ak\u015famki iftar yeme\u011finde bir araya geldik.<br \/>\nKoruyucu aile hizmeti, \u00e7ocuklar\u0131n sevgi dolu bir aile ortam\u0131nda b\u00fcy\u00fcmesi a\u00e7\u0131s\u0131ndan b\u00fcy\u00fck \u00f6nem ta\u015f\u0131maktad\u0131r. Bir \u00e7ocu\u011fun hayat\u0131na dokunmak, ayn\u0131 zamanda toplumun gelece\u011fine yap\u0131lan en de\u011ferli yat\u0131r\u0131mlardan birisidir.<br \/>\nBu vesileyle, t\u00fcm ailelerimize te\u015fekk\u00fcr ediyor, Ramazanlar\u0131n\u0131 tebrik ediyorum.<\/p>\n<p>@tcailesosyal @KirsehirValilik @kirsehirashm <span class=\"xv78j7m x1sy0etr\">#AnadolununRuhuK\u0131r\u015fehir<\/span><\/p>\n<p><img loading=\"lazy\" decoding=\"async\" class=\"alignnone size-full wp-image-1198\" src=\"https:\/\/www.ahitv.com.tr\/wp-content\/uploads\/2026\/03\/HC6XSakWAAEKZAR.jpg\" alt=\"\" width=\"2048\" height=\"1365\" srcset=\"https:\/\/www.ahitv.com.tr\/wp-content\/uploads\/2026\/03\/HC6XSakWAAEKZAR.jpg 2048w, https:\/\/www.ahitv.com.tr\/wp-content\/uploads\/2026\/03\/HC6XSakWAAEKZAR-540x360.jpg 540w, https:\/\/www.ahitv.com.tr\/wp-content\/uploads\/2026\/03\/HC6XSakWAAEKZAR-272x182.jpg 272w\" sizes=\"auto, (max-width: 2048px) 100vw, 2048px\" \/> <img loading=\"lazy\" decoding=\"async\" class=\"alignnone size-medium wp-image-1199\" src=\"https:\/\/www.ahitv.com.tr\/wp-content\/uploads\/2026\/03\/HC6XSalWAAAknDQ.jpg\" alt=\"\" width=\"300\" height=\"201\" srcset=\"https:\/\/www.ahitv.com.tr\/wp-content\/uploads\/2026\/03\/HC6XSalWAAAknDQ.jpg 2048w, https:\/\/www.ahitv.com.tr\/wp-content\/uploads\/2026\/03\/HC6XSalWAAAknDQ-540x362.jpg 540w, https:\/\/www.ahitv.com.tr\/wp-content\/uploads\/2026\/03\/HC6XSalWAAAknDQ-272x182.jpg 272w\" sizes=\"auto, (max-width: 300px) 100vw, 300px\" \/> <img loading=\"lazy\" decoding=\"async\" class=\"alignnone size-medium wp-image-1200\" src=\"https:\/\/www.ahitv.com.tr\/wp-content\/uploads\/2026\/03\/HC6XSalXsAA7TP0.jpg\" alt=\"\" width=\"300\" height=\"198\" srcset=\"https:\/\/www.ahitv.com.tr\/wp-content\/uploads\/2026\/03\/HC6XSalXsAA7TP0.jpg 2048w, https:\/\/www.ahitv.com.tr\/wp-content\/uploads\/2026\/03\/HC6XSalXsAA7TP0-540x356.jpg 540w\" sizes=\"auto, (max-width: 300px) 100vw, 300px\" \/> <img loading=\"lazy\" decoding=\"async\" class=\"alignnone size-medium wp-image-1201\" src=\"https:\/\/www.ahitv.com.tr\/wp-content\/uploads\/2026\/03\/HC6XSanW0AAsqD8.jpg\" alt=\"\" width=\"300\" height=\"200\" srcset=\"https:\/\/www.ahitv.com.tr\/wp-content\/uploads\/2026\/03\/HC6XSanW0AAsqD8.jpg 2048w, https:\/\/www.ahitv.com.tr\/wp-content\/uploads\/2026\/03\/HC6XSanW0AAsqD8-540x361.jpg 540w, https:\/\/www.ahitv.com.tr\/wp-content\/uploads\/2026\/03\/HC6XSanW0AAsqD8-272x182.jpg 272w\" sizes=\"auto, (max-width: 300px) 100vw, 300px\" \/><\/p>\n<p>&nbsp;<\/p>\n","protected":false},"excerpt":{"rendered":"<p>Vali Murat Sefa Demiry\u00fcrek Koruyucu Ailelerin \u0130ftar\u0131na Kat\u0131ld\u0131 Vali Murat Sefa Demiry\u00fcrek K\u0131r\u015fehir&#8217;deki koruyucu ailelerimizle bu ak\u015famki iftar yeme\u011finde bir araya geldik. Koruyucu aile hizmeti, \u00e7ocuklar\u0131n sevgi dolu bir aile ortam\u0131nda b\u00fcy\u00fcmesi a\u00e7\u0131s\u0131ndan b\u00fcy\u00fck \u00f6nem ta\u015f\u0131maktad\u0131r. Bir \u00e7ocu\u011fun hayat\u0131na dokunmak, ayn\u0131 zamanda toplumun gelece\u011fine yap\u0131lan en de\u011ferli yat\u0131r\u0131mlardan birisidir. Bu vesileyle, t\u00fcm ailelerimize te\u015fekk\u00fcr ediyor, [&hellip;]<\/p>\n","protected":false},"author":1,"featured_media":1200,"comment_status":"open","ping_status":"open","sticky":false,"template":"","format":"standard","meta":{"footnotes":""},"categories":[1,14,3,6,2],"tags":[],"class_list":["post-1197","post","type-post","status-publish","format-standard","has-post-thumbnail","hentry","category-genel","category-guncel","category-gundem","category-ilceler","category-siyaset"],"views":701,"_links":{"self":[{"href":"https:\/\/www.ahitv.com.tr\/index.php\/wp-json\/wp\/v2\/posts\/1197","targetHints":{"allow":["GET"]}}],"collection":[{"href":"https:\/\/www.ahitv.com.tr\/index.php\/wp-json\/wp\/v2\/posts"}],"about":[{"href":"https:\/\/www.ahitv.com.tr\/index.php\/wp-json\/wp\/v2\/types\/post"}],"author":[{"embeddable":true,"href":"https:\/\/www.ahitv.com.tr\/index.php\/wp-json\/wp\/v2\/users\/1"}],"replies":[{"embeddable":true,"href":"https:\/\/www.ahitv.com.tr\/index.php\/wp-json\/wp\/v2\/comments?post=1197"}],"version-history":[{"count":2,"href":"https:\/\/www.ahitv.com.tr\/index.php\/wp-json\/wp\/v2\/posts\/1197\/revisions"}],"predecessor-version":[{"id":1203,"href":"https:\/\/www.ahitv.com.tr\/index.php\/wp-json\/wp\/v2\/posts\/1197\/revisions\/1203"}],"wp:featuredmedia":[{"embeddable":true,"href":"https:\/\/www.ahitv.com.tr\/index.php\/wp-json\/wp\/v2\/media\/1200"}],"wp:attachment":[{"href":"https:\/\/www.ahitv.com.tr\/index.php\/wp-json\/wp\/v2\/media?parent=1197"}],"wp:term":[{"taxonomy":"category","embeddable":true,"href":"https:\/\/www.ahitv.com.tr\/index.php\/wp-json\/wp\/v2\/categories?post=1197"},{"taxonomy":"post_tag","embeddable":true,"href":"https:\/\/www.ahitv.com.tr\/index.php\/wp-json\/wp\/v2\/tags?post=1197"}],"curies":[{"name":"wp","href":"https:\/\/api.w.org\/{rel}","templated":true}]}}